{"id":3799,"date":"2026-03-18T09:33:22","date_gmt":"2026-03-18T07:33:22","guid":{"rendered":"https:\/\/frpadel.ro\/?p=3799"},"modified":"2026-03-18T09:33:32","modified_gmt":"2026-03-18T07:33:32","slug":"padelul-confirmat-oficial-ca-sport-de-medalie-la-jocurile-europene-din-istanbul-2027-o-noua-etapa-istorica-pentru-sportul-nostru","status":"publish","type":"post","link":"https:\/\/frpadel.ro\/index.php\/2026\/03\/18\/padelul-confirmat-oficial-ca-sport-de-medalie-la-jocurile-europene-din-istanbul-2027-o-noua-etapa-istorica-pentru-sportul-nostru\/","title":{"rendered":"Padelul, confirmat oficial ca sport de medalie la Jocurile Europene din Istanbul 2027: O nou\u0103 etap\u0103 istoric\u0103 pentru sportul nostru!"},"content":{"rendered":"<div class=\"wpb-content-wrapper\"><p>[vc_row][vc_column][vc_column_text css=&#8221;&#8221;]<\/p>\n<p data-path-to-node=\"3\">Federa\u021bia de Padel din Rom\u00e2nia salut\u0103 cu entuziasm decizia oficial\u0103 a Comitetelor Olimpice Europene (EOC) de a include padelul \u00een programul oficial al Jocurilor Europene de la Istanbul din 2027. Aceast\u0103 confirmare marcheaz\u0103 un moment decisiv pentru consolidarea padelului \u00een familia olimpic\u0103 european\u0103, dup\u0103 succesul r\u0103sun\u0103tor al debutului de la Cracovia-Ma\u0142opolska 2023.<\/p>\n<h3 data-path-to-node=\"4\">O recunoa\u0219tere a cre\u0219terii globale<\/h3>\n<p data-path-to-node=\"5\">Decizia de a p\u0103stra padelul ca sport de medalie subliniaz\u0103 popularitatea exploziv\u0103 \u0219i profesionalizarea rapid\u0103 a acestei discipline. Pre\u0219edintele Federa\u021biei Interna\u021bionale de Padel (FIP), Luigi Carraro, a declarat: <i data-path-to-node=\"5\" data-index-in-node=\"215\">\u201eSuntem ferici\u021bi \u0219i m\u00e2ndri pentru to\u021bi cei care iubesc sportul nostru. De la succesul din Cracovia 2023 p\u00e2n\u0103 la Istanbul 2027, padelul \u00ee\u0219i demonstreaz\u0103 capacitatea de a captiva publicul \u0219i de a oferi un spectacol sportiv de cel mai \u00eenalt nivel.\u201d<\/i><\/p>\n<h3 data-path-to-node=\"6\">Perspectiva na\u021bional\u0103: Drumul spre Istanbul \u00eencepe acum!<\/h3>\n<p data-path-to-node=\"7\">Pentru Federa\u021bia de Padel din Rom\u00e2nia, aceast\u0103 veste reprezint\u0103 un semnal puternic pentru sportivii, antrenorii \u0219i cluburile din \u00eentreaga \u021bar\u0103. Participarea la Jocurile Europene este cel mai \u00eenalt nivel de competi\u021bie multisportiv\u0103 pentru continentul nostru, iar prezen\u021ba padelului pe aceast\u0103 list\u0103 confirm\u0103 faptul c\u0103 direc\u021bia \u00een care ne \u00eendrept\u0103m este una corect\u0103.<\/p>\n<h3 data-path-to-node=\"9\">Despre Jocurile Europene 2027<\/h3>\n<p data-path-to-node=\"10\">Edi\u021bia a patra a Jocurilor Europene va avea loc la Istanbul, Turcia, \u0219i va reuni mii de sportivi de top din toate \u021b\u0103rile europene. Confirmarea padelului ca sport de medalie \u00eenseamn\u0103 c\u0103 performan\u021bele ob\u021binute pe teren vor contribui direct la palmaresul olimpic al fiec\u0103rei \u021b\u0103ri participante.<\/p>\n<p data-path-to-node=\"11\">Aceast\u0103 confirmare vine \u00eentr-un moment \u00een care padelul cunoa\u0219te o dezvoltare f\u0103r\u0103 precedent \u00een Rom\u00e2nia, cu tot mai multe terenuri deschise \u0219i un num\u0103r tot mai mare de practican\u021bi, de la amatori la profesioni\u0219ti.<\/p>\n<p data-path-to-node=\"12\"><b data-path-to-node=\"12\" data-index-in-node=\"0\">\u00cempreun\u0103 cre\u0219tem padelul \u00een Rom\u00e2nia! Ne vedem la Istanbul \u00een 2027!<\/b><\/p>\n<p data-path-to-node=\"14\"><i data-path-to-node=\"14\" data-index-in-node=\"0\">Sursa info: FIP \u2013 <a href=\"https:\/\/www.padelfip.com\/2026\/03\/from-krakow-2023-to-istanbul-2027-padel-confirmed-as-medal-sport-in-the-european-games-programme-carraro-we-are-pleased-and-proud-for-everyone-who-loves-our-sport\/\">www.padelfip.com<\/a><\/i><\/p>\n<p>[\/vc_column_text][\/vc_column][\/vc_row][vc_row][vc_column][vc_column_text]<\/p>\n<div data-wp-interactive=\"core\/file\" class=\"wp-block-file\"><object data-wp-bind--hidden=\"!state.hasPdfPreview\" hidden class=\"wp-block-file__embed\" data=\"https:\/\/frpadel.ro\/wp-content\/uploads\/2026\/03\/17_march_European-Games-Istanbul_ENG.pdf\" type=\"application\/pdf\" style=\"width:100%;height:600px\" aria-label=\"\u00cenglobare pentru 17_march_European-Games-Istanbul_ENG.\"><\/object><a id=\"wp-block-file--media-19966004-579b-4a85-9ab3-ce59ba9d5d86\" href=\"https:\/\/frpadel.ro\/wp-content\/uploads\/2026\/03\/17_march_European-Games-Istanbul_ENG.pdf\">17_march_European-Games-Istanbul_ENG<\/a><a href=\"https:\/\/frpadel.ro\/wp-content\/uploads\/2026\/03\/17_march_European-Games-Istanbul_ENG.pdf\" class=\"wp-block-file__button wp-element-button\" download aria-describedby=\"wp-block-file--media-19966004-579b-4a85-9ab3-ce59ba9d5d86\">Descarc\u0103<\/a><\/div>\n<p>[\/vc_column_text][\/vc_column][\/vc_row]<\/p>\n<\/div>","protected":false},"excerpt":{"rendered":"<p>Federa\u021bia de Padel din Rom\u00e2nia salut\u0103 cu entuziasm decizia oficial\u0103 a Comitetelor Olimpice Europene (EOC) de a include padelul \u00een programul oficial al Jocurilor Europene de la Istanbul din 2027. Aceast\u0103 confirmare marcheaz\u0103 un moment decisiv pentru consolidarea padelului \u00een familia olimpic\u0103 european\u0103, dup\u0103 succesul r\u0103sun\u0103tor al debutului de la Cracovia-Ma\u0142opolska 2023.<\/p>\n","protected":false},"author":1,"featured_media":3800,"comment_status":"closed","ping_status":"closed","sticky":false,"template":"","format":"standard","meta":{"_acf_changed":false,"footnotes":""},"categories":[100],"tags":[],"class_list":["post-3799","post","type-post","status-publish","format-standard","has-post-thumbnail","hentry","category-anunturi"],"acf":[],"yoast_head":"<!-- This site is optimized with the Yoast SEO Premium plugin v26.0 (Yoast SEO v26.0) - https:\/\/yoast.com\/wordpress\/plugins\/seo\/ -->\n<title>Padelul, confirmat oficial ca sport de medalie la Jocurile Europene din Istanbul 2027: O nou\u0103 etap\u0103 istoric\u0103 pentru sportul nostru! - Federatia de Padel din Romania<\/title>\n<meta name=\"robots\" content=\"index, follow, max-snippet:-1, max-image-preview:large, max-video-preview:-1\" \/>\n<link rel=\"canonical\" href=\"https:\/\/frpadel.ro\/index.php\/2026\/03\/18\/padelul-confirmat-oficial-ca-sport-de-medalie-la-jocurile-europene-din-istanbul-2027-o-noua-etapa-istorica-pentru-sportul-nostru\/\" \/>\n<meta property=\"og:locale\" content=\"ro_RO\" \/>\n<meta property=\"og:type\" content=\"article\" \/>\n<meta property=\"og:title\" content=\"Padelul, confirmat oficial ca sport de medalie la Jocurile Europene din Istanbul 2027: O nou\u0103 etap\u0103 istoric\u0103 pentru sportul nostru!\" \/>\n<meta property=\"og:description\" content=\"Federa\u021bia de Padel din Rom\u00e2nia salut\u0103 cu entuziasm decizia oficial\u0103 a Comitetelor Olimpice Europene (EOC) de a include padelul \u00een programul oficial al Jocurilor Europene de la Istanbul din 2027. Aceast\u0103 confirmare marcheaz\u0103 un moment decisiv pentru consolidarea padelului \u00een familia olimpic\u0103 european\u0103, dup\u0103 succesul r\u0103sun\u0103tor al debutului de la Cracovia-Ma\u0142opolska 2023.\" \/>\n<meta property=\"og:url\" content=\"https:\/\/frpadel.ro\/index.php\/2026\/03\/18\/padelul-confirmat-oficial-ca-sport-de-medalie-la-jocurile-europene-din-istanbul-2027-o-noua-etapa-istorica-pentru-sportul-nostru\/\" \/>\n<meta property=\"og:site_name\" content=\"Federatia de Padel din Romania\" \/>\n<meta property=\"article:published_time\" content=\"2026-03-18T07:33:22+00:00\" \/>\n<meta property=\"article:modified_time\" content=\"2026-03-18T07:33:32+00:00\" \/>\n<meta property=\"og:image\" content=\"https:\/\/frpadel.ro\/wp-content\/uploads\/2026\/03\/EG2027_Web-1024x576-1.webp\" \/>\n\t<meta property=\"og:image:width\" content=\"1024\" \/>\n\t<meta property=\"og:image:height\" content=\"576\" \/>\n\t<meta property=\"og:image:type\" content=\"image\/webp\" \/>\n<meta name=\"author\" content=\"Federatia de Padel\" \/>\n<meta name=\"twitter:card\" content=\"summary_large_image\" \/>\n<meta name=\"twitter:label1\" content=\"Scris de\" \/>\n\t<meta name=\"twitter:data1\" content=\"Federatia de Padel\" \/>\n\t<meta name=\"twitter:label2\" content=\"Timp estimat pentru citire\" \/>\n\t<meta name=\"twitter:data2\" content=\"1 minut\" \/>\n<script type=\"application\/ld+json\" class=\"yoast-schema-graph\">{\"@context\":\"https:\/\/schema.org\",\"@graph\":[{\"@type\":\"WebPage\",\"@id\":\"https:\/\/frpadel.ro\/index.php\/2026\/03\/18\/padelul-confirmat-oficial-ca-sport-de-medalie-la-jocurile-europene-din-istanbul-2027-o-noua-etapa-istorica-pentru-sportul-nostru\/\",\"url\":\"https:\/\/frpadel.ro\/index.php\/2026\/03\/18\/padelul-confirmat-oficial-ca-sport-de-medalie-la-jocurile-europene-din-istanbul-2027-o-noua-etapa-istorica-pentru-sportul-nostru\/\",\"name\":\"Padelul, confirmat oficial ca sport de medalie la Jocurile Europene din Istanbul 2027: O nou\u0103 etap\u0103 istoric\u0103 pentru sportul nostru! - Federatia de Padel din Romania\",\"isPartOf\":{\"@id\":\"https:\/\/frpadel.ro\/#website\"},\"primaryImageOfPage\":{\"@id\":\"https:\/\/frpadel.ro\/index.php\/2026\/03\/18\/padelul-confirmat-oficial-ca-sport-de-medalie-la-jocurile-europene-din-istanbul-2027-o-noua-etapa-istorica-pentru-sportul-nostru\/#primaryimage\"},\"image\":{\"@id\":\"https:\/\/frpadel.ro\/index.php\/2026\/03\/18\/padelul-confirmat-oficial-ca-sport-de-medalie-la-jocurile-europene-din-istanbul-2027-o-noua-etapa-istorica-pentru-sportul-nostru\/#primaryimage\"},\"thumbnailUrl\":\"https:\/\/frpadel.ro\/wp-content\/uploads\/2026\/03\/EG2027_Web-1024x576-1.webp\",\"datePublished\":\"2026-03-18T07:33:22+00:00\",\"dateModified\":\"2026-03-18T07:33:32+00:00\",\"author\":{\"@id\":\"https:\/\/frpadel.ro\/#\/schema\/person\/6669a0f650ec513e558cafdf68d98036\"},\"breadcrumb\":{\"@id\":\"https:\/\/frpadel.ro\/index.php\/2026\/03\/18\/padelul-confirmat-oficial-ca-sport-de-medalie-la-jocurile-europene-din-istanbul-2027-o-noua-etapa-istorica-pentru-sportul-nostru\/#breadcrumb\"},\"inLanguage\":\"ro-RO\",\"potentialAction\":[{\"@type\":\"ReadAction\",\"target\":[\"https:\/\/frpadel.ro\/index.php\/2026\/03\/18\/padelul-confirmat-oficial-ca-sport-de-medalie-la-jocurile-europene-din-istanbul-2027-o-noua-etapa-istorica-pentru-sportul-nostru\/\"]}]},{\"@type\":\"ImageObject\",\"inLanguage\":\"ro-RO\",\"@id\":\"https:\/\/frpadel.ro\/index.php\/2026\/03\/18\/padelul-confirmat-oficial-ca-sport-de-medalie-la-jocurile-europene-din-istanbul-2027-o-noua-etapa-istorica-pentru-sportul-nostru\/#primaryimage\",\"url\":\"https:\/\/frpadel.ro\/wp-content\/uploads\/2026\/03\/EG2027_Web-1024x576-1.webp\",\"contentUrl\":\"https:\/\/frpadel.ro\/wp-content\/uploads\/2026\/03\/EG2027_Web-1024x576-1.webp\",\"width\":1024,\"height\":576},{\"@type\":\"BreadcrumbList\",\"@id\":\"https:\/\/frpadel.ro\/index.php\/2026\/03\/18\/padelul-confirmat-oficial-ca-sport-de-medalie-la-jocurile-europene-din-istanbul-2027-o-noua-etapa-istorica-pentru-sportul-nostru\/#breadcrumb\",\"itemListElement\":[{\"@type\":\"ListItem\",\"position\":1,\"name\":\"Prima pagin\u0103\",\"item\":\"https:\/\/frpadel.ro\/\"},{\"@type\":\"ListItem\",\"position\":2,\"name\":\"Padelul, confirmat oficial ca sport de medalie la Jocurile Europene din Istanbul 2027: O nou\u0103 etap\u0103 istoric\u0103 pentru sportul nostru!\"}]},{\"@type\":\"WebSite\",\"@id\":\"https:\/\/frpadel.ro\/#website\",\"url\":\"https:\/\/frpadel.ro\/\",\"name\":\"Federatia de Padel din Romania\",\"description\":\"Website-ul Federa\u021biei de Padel din Rom\u00e2nia\",\"potentialAction\":[{\"@type\":\"SearchAction\",\"target\":{\"@type\":\"EntryPoint\",\"urlTemplate\":\"https:\/\/frpadel.ro\/?s={search_term_string}\"},\"query-input\":{\"@type\":\"PropertyValueSpecification\",\"valueRequired\":true,\"valueName\":\"search_term_string\"}}],\"inLanguage\":\"ro-RO\"},{\"@type\":\"Person\",\"@id\":\"https:\/\/frpadel.ro\/#\/schema\/person\/6669a0f650ec513e558cafdf68d98036\",\"name\":\"Federatia de Padel\",\"image\":{\"@type\":\"ImageObject\",\"inLanguage\":\"ro-RO\",\"@id\":\"https:\/\/frpadel.ro\/#\/schema\/person\/image\/\",\"url\":\"https:\/\/secure.gravatar.com\/avatar\/2984a1ce75944179eebd7c4148370b6fb63c0230e0a2bbc6f2d9a02192bde491?s=96&d=mm&r=g\",\"contentUrl\":\"https:\/\/secure.gravatar.com\/avatar\/2984a1ce75944179eebd7c4148370b6fb63c0230e0a2bbc6f2d9a02192bde491?s=96&d=mm&r=g\",\"caption\":\"Federatia de Padel\"},\"sameAs\":[\"https:\/\/frpadel.ro\"],\"url\":\"https:\/\/frpadel.ro\/index.php\/author\/admin_p93hpmer\/\"}]}<\/script>\n<!-- \/ Yoast SEO Premium plugin. -->","yoast_head_json":{"title":"Padelul, confirmat oficial ca sport de medalie la Jocurile Europene din Istanbul 2027: O nou\u0103 etap\u0103 istoric\u0103 pentru sportul nostru! - Federatia de Padel din Romania","robots":{"index":"index","follow":"follow","max-snippet":"max-snippet:-1","max-image-preview":"max-image-preview:large","max-video-preview":"max-video-preview:-1"},"canonical":"https:\/\/frpadel.ro\/index.php\/2026\/03\/18\/padelul-confirmat-oficial-ca-sport-de-medalie-la-jocurile-europene-din-istanbul-2027-o-noua-etapa-istorica-pentru-sportul-nostru\/","og_locale":"ro_RO","og_type":"article","og_title":"Padelul, confirmat oficial ca sport de medalie la Jocurile Europene din Istanbul 2027: O nou\u0103 etap\u0103 istoric\u0103 pentru sportul nostru!","og_description":"Federa\u021bia de Padel din Rom\u00e2nia salut\u0103 cu entuziasm decizia oficial\u0103 a Comitetelor Olimpice Europene (EOC) de a include padelul \u00een programul oficial al Jocurilor Europene de la Istanbul din 2027. Aceast\u0103 confirmare marcheaz\u0103 un moment decisiv pentru consolidarea padelului \u00een familia olimpic\u0103 european\u0103, dup\u0103 succesul r\u0103sun\u0103tor al debutului de la Cracovia-Ma\u0142opolska 2023.","og_url":"https:\/\/frpadel.ro\/index.php\/2026\/03\/18\/padelul-confirmat-oficial-ca-sport-de-medalie-la-jocurile-europene-din-istanbul-2027-o-noua-etapa-istorica-pentru-sportul-nostru\/","og_site_name":"Federatia de Padel din Romania","article_published_time":"2026-03-18T07:33:22+00:00","article_modified_time":"2026-03-18T07:33:32+00:00","og_image":[{"width":1024,"height":576,"url":"https:\/\/frpadel.ro\/wp-content\/uploads\/2026\/03\/EG2027_Web-1024x576-1.webp","type":"image\/webp"}],"author":"Federatia de Padel","twitter_card":"summary_large_image","twitter_misc":{"Scris de":"Federatia de Padel","Timp estimat pentru citire":"1 minut"},"schema":{"@context":"https:\/\/schema.org","@graph":[{"@type":"WebPage","@id":"https:\/\/frpadel.ro\/index.php\/2026\/03\/18\/padelul-confirmat-oficial-ca-sport-de-medalie-la-jocurile-europene-din-istanbul-2027-o-noua-etapa-istorica-pentru-sportul-nostru\/","url":"https:\/\/frpadel.ro\/index.php\/2026\/03\/18\/padelul-confirmat-oficial-ca-sport-de-medalie-la-jocurile-europene-din-istanbul-2027-o-noua-etapa-istorica-pentru-sportul-nostru\/","name":"Padelul, confirmat oficial ca sport de medalie la Jocurile Europene din Istanbul 2027: O nou\u0103 etap\u0103 istoric\u0103 pentru sportul nostru! - Federatia de Padel din Romania","isPartOf":{"@id":"https:\/\/frpadel.ro\/#website"},"primaryImageOfPage":{"@id":"https:\/\/frpadel.ro\/index.php\/2026\/03\/18\/padelul-confirmat-oficial-ca-sport-de-medalie-la-jocurile-europene-din-istanbul-2027-o-noua-etapa-istorica-pentru-sportul-nostru\/#primaryimage"},"image":{"@id":"https:\/\/frpadel.ro\/index.php\/2026\/03\/18\/padelul-confirmat-oficial-ca-sport-de-medalie-la-jocurile-europene-din-istanbul-2027-o-noua-etapa-istorica-pentru-sportul-nostru\/#primaryimage"},"thumbnailUrl":"https:\/\/frpadel.ro\/wp-content\/uploads\/2026\/03\/EG2027_Web-1024x576-1.webp","datePublished":"2026-03-18T07:33:22+00:00","dateModified":"2026-03-18T07:33:32+00:00","author":{"@id":"https:\/\/frpadel.ro\/#\/schema\/person\/6669a0f650ec513e558cafdf68d98036"},"breadcrumb":{"@id":"https:\/\/frpadel.ro\/index.php\/2026\/03\/18\/padelul-confirmat-oficial-ca-sport-de-medalie-la-jocurile-europene-din-istanbul-2027-o-noua-etapa-istorica-pentru-sportul-nostru\/#breadcrumb"},"inLanguage":"ro-RO","potentialAction":[{"@type":"ReadAction","target":["https:\/\/frpadel.ro\/index.php\/2026\/03\/18\/padelul-confirmat-oficial-ca-sport-de-medalie-la-jocurile-europene-din-istanbul-2027-o-noua-etapa-istorica-pentru-sportul-nostru\/"]}]},{"@type":"ImageObject","inLanguage":"ro-RO","@id":"https:\/\/frpadel.ro\/index.php\/2026\/03\/18\/padelul-confirmat-oficial-ca-sport-de-medalie-la-jocurile-europene-din-istanbul-2027-o-noua-etapa-istorica-pentru-sportul-nostru\/#primaryimage","url":"https:\/\/frpadel.ro\/wp-content\/uploads\/2026\/03\/EG2027_Web-1024x576-1.webp","contentUrl":"https:\/\/frpadel.ro\/wp-content\/uploads\/2026\/03\/EG2027_Web-1024x576-1.webp","width":1024,"height":576},{"@type":"BreadcrumbList","@id":"https:\/\/frpadel.ro\/index.php\/2026\/03\/18\/padelul-confirmat-oficial-ca-sport-de-medalie-la-jocurile-europene-din-istanbul-2027-o-noua-etapa-istorica-pentru-sportul-nostru\/#breadcrumb","itemListElement":[{"@type":"ListItem","position":1,"name":"Prima pagin\u0103","item":"https:\/\/frpadel.ro\/"},{"@type":"ListItem","position":2,"name":"Padelul, confirmat oficial ca sport de medalie la Jocurile Europene din Istanbul 2027: O nou\u0103 etap\u0103 istoric\u0103 pentru sportul nostru!"}]},{"@type":"WebSite","@id":"https:\/\/frpadel.ro\/#website","url":"https:\/\/frpadel.ro\/","name":"Federatia de Padel din Romania","description":"Website-ul Federa\u021biei de Padel din Rom\u00e2nia","potentialAction":[{"@type":"SearchAction","target":{"@type":"EntryPoint","urlTemplate":"https:\/\/frpadel.ro\/?s={search_term_string}"},"query-input":{"@type":"PropertyValueSpecification","valueRequired":true,"valueName":"search_term_string"}}],"inLanguage":"ro-RO"},{"@type":"Person","@id":"https:\/\/frpadel.ro\/#\/schema\/person\/6669a0f650ec513e558cafdf68d98036","name":"Federatia de Padel","image":{"@type":"ImageObject","inLanguage":"ro-RO","@id":"https:\/\/frpadel.ro\/#\/schema\/person\/image\/","url":"https:\/\/secure.gravatar.com\/avatar\/2984a1ce75944179eebd7c4148370b6fb63c0230e0a2bbc6f2d9a02192bde491?s=96&d=mm&r=g","contentUrl":"https:\/\/secure.gravatar.com\/avatar\/2984a1ce75944179eebd7c4148370b6fb63c0230e0a2bbc6f2d9a02192bde491?s=96&d=mm&r=g","caption":"Federatia de Padel"},"sameAs":["https:\/\/frpadel.ro"],"url":"https:\/\/frpadel.ro\/index.php\/author\/admin_p93hpmer\/"}]}},"_links":{"self":[{"href":"https:\/\/frpadel.ro\/index.php\/wp-json\/wp\/v2\/posts\/3799","targetHints":{"allow":["GET"]}}],"collection":[{"href":"https:\/\/frpadel.ro\/index.php\/wp-json\/wp\/v2\/posts"}],"about":[{"href":"https:\/\/frpadel.ro\/index.php\/wp-json\/wp\/v2\/types\/post"}],"author":[{"embeddable":true,"href":"https:\/\/frpadel.ro\/index.php\/wp-json\/wp\/v2\/users\/1"}],"replies":[{"embeddable":true,"href":"https:\/\/frpadel.ro\/index.php\/wp-json\/wp\/v2\/comments?post=3799"}],"version-history":[{"count":3,"href":"https:\/\/frpadel.ro\/index.php\/wp-json\/wp\/v2\/posts\/3799\/revisions"}],"predecessor-version":[{"id":3804,"href":"https:\/\/frpadel.ro\/index.php\/wp-json\/wp\/v2\/posts\/3799\/revisions\/3804"}],"wp:featuredmedia":[{"embeddable":true,"href":"https:\/\/frpadel.ro\/index.php\/wp-json\/wp\/v2\/media\/3800"}],"wp:attachment":[{"href":"https:\/\/frpadel.ro\/index.php\/wp-json\/wp\/v2\/media?parent=3799"}],"wp:term":[{"taxonomy":"category","embeddable":true,"href":"https:\/\/frpadel.ro\/index.php\/wp-json\/wp\/v2\/categories?post=3799"},{"taxonomy":"post_tag","embeddable":true,"href":"https:\/\/frpadel.ro\/index.php\/wp-json\/wp\/v2\/tags?post=3799"}],"curies":[{"name":"wp","href":"https:\/\/api.w.org\/{rel}","templated":true}]}}