{"id":3793,"date":"2026-03-12T21:01:43","date_gmt":"2026-03-12T19:01:43","guid":{"rendered":"https:\/\/frpadel.ro\/?p=3793"},"modified":"2026-03-12T21:02:15","modified_gmt":"2026-03-12T19:02:15","slug":"calendarul-cupelor-continentale-fip-junior-2026-si-desemnarea-tarilor-gazda","status":"publish","type":"post","link":"https:\/\/frpadel.ro\/index.php\/2026\/03\/12\/calendarul-cupelor-continentale-fip-junior-2026-si-desemnarea-tarilor-gazda\/","title":{"rendered":"Calendarul Cupelor Continentale FIP Junior 2026 \u0219i Desemnarea \u021a\u0103rilor Gazd\u0103"},"content":{"rendered":"<div class=\"wpb-content-wrapper\"><p>[vc_row][vc_column][vc_column_text css=&#8221;&#8221;]<\/p>\n<p data-path-to-node=\"4\">Federa\u021bia Interna\u021bional\u0103 de Padel (FIP) a comunicat oficial stabilirea unui reper istoric pentru dezvoltarea padelului juvenil la nivel global. Pentru prima dat\u0103 \u00een istoria disciplinei, patru edi\u021bii ale Cupelor Continentale FIP Junior se vor desf\u0103\u0219ura \u00een cursul aceluia\u0219i an calendaristic, respectiv \u00een 2026.<\/p>\n<p data-path-to-node=\"5\">\u00cen urma procesului de selec\u021bie a candidaturilor (bidding process) lansat \u00een luna octombrie a anului trecut, Consiliul Director al FIP a analizat dosarele depuse \u0219i a desemnat urm\u0103toarele asocia\u021bii na\u021bionale ca organizatori ai evenimentelor continentale:<\/p>\n<h3 data-path-to-node=\"6\">Calendarul Competi\u021bional 2026:<\/h3>\n<ul data-path-to-node=\"7\">\n<li>\n<p data-path-to-node=\"7,0,0\"><b data-path-to-node=\"7,0,0\" data-index-in-node=\"0\">FIP Junior Euro Padel Cup<\/b> \u2013 Portugalia | <b data-path-to-node=\"7,0,0\" data-index-in-node=\"41\">Perioada:<\/b> 29 iunie \u2013 4 iulie 2026<\/p>\n<\/li>\n<li>\n<p data-path-to-node=\"7,1,0\"><b data-path-to-node=\"7,1,0\" data-index-in-node=\"0\">FIP Junior Africa Padel Cup<\/b> \u2013 Egipt | <b data-path-to-node=\"7,1,0\" data-index-in-node=\"38\">Perioada:<\/b> 15 \u2013 20 iunie 2026<\/p>\n<\/li>\n<li>\n<p data-path-to-node=\"7,2,0\"><b data-path-to-node=\"7,2,0\" data-index-in-node=\"0\">FIP Junior Asia Padel Cup<\/b> \u2013 Indonezia | <b data-path-to-node=\"7,2,0\" data-index-in-node=\"40\">Perioada:<\/b> 9 \u2013 14 noiembrie 2026<\/p>\n<\/li>\n<li>\n<p data-path-to-node=\"7,3,0\"><b data-path-to-node=\"7,3,0\" data-index-in-node=\"0\">FIP Junior America Padel Cup<\/b> \u2013 Mexic | <b data-path-to-node=\"7,3,0\" data-index-in-node=\"39\">Perioada:<\/b> 10 \u2013 14 noiembrie 2026<\/p>\n<\/li>\n<\/ul>\n<p data-path-to-node=\"8\"><b data-path-to-node=\"8\" data-index-in-node=\"0\">Importan\u021ba Strategic\u0103 \u0219i Procesul de Calificare<\/b><\/p>\n<p data-path-to-node=\"8\">Aceste evenimente de anvergur\u0103 vor func\u021biona ca etape oficiale de calificare pentru <b data-path-to-node=\"8\" data-index-in-node=\"132\">FIP Junior World Cup<\/b>, competi\u021bie programat\u0103 s\u0103 aib\u0103 loc \u00een anul <b data-path-to-node=\"8\" data-index-in-node=\"196\">2027<\/b>. Succesul ob\u021binut la nivel continental va asigura accesul na\u021biunilor pe tabloul principal al turneului mondial.<\/p>\n<p data-path-to-node=\"9\"><b data-path-to-node=\"9\" data-index-in-node=\"0\">Mesajul Pre\u0219edintelui FIP<\/b><\/p>\n<p data-path-to-node=\"9\">Prin vocea pre\u0219edintelui Luigi Carraro, FIP a transmis mul\u021bumiri oficiale federa\u021biilor din Portugalia, Egipt, Indonezia \u0219i Mexic pentru angajamentul ferm asumat \u00een g\u0103zduirea acestor competi\u021bii complexe. Totodat\u0103, a fost recunoscut efortul sus\u021binut al tuturor federa\u021biilor membre \u00een promovarea \u0219i cre\u0219terea noii genera\u021bii de sportivi.<\/p>\n<p data-path-to-node=\"10\"><b data-path-to-node=\"10\" data-index-in-node=\"0\">Detalii Tehnice \u0219i \u00censcrieri<\/b><\/p>\n<p data-path-to-node=\"10\">Departamentul Sportiv al FIP urmeaz\u0103 s\u0103 transmit\u0103, \u00een perioada urm\u0103toare, documenta\u021bia complet\u0103 privind procesul de \u00eenregistrare a echipelor na\u021bionale, termenele limit\u0103 pentru depunerea candidaturilor juc\u0103torilor \u0219i detaliile logistice specifice fiec\u0103rui turneu. Federa\u021bia de Padel din Rom\u00e2nia va monitoriza aceste actualiz\u0103ri pentru a coordona preg\u0103tirea \u0219i participarea reprezentativei noastre la turneul european.<\/p>\n<p data-path-to-node=\"11\">Pentru clarific\u0103ri suplimentare sau informa\u021bii de ordin tehnic, membrii \u0219i partenerii sunt invita\u021bi s\u0103 contacteze Departamentul Sportiv FIP la adresa: <i data-path-to-node=\"11\" data-index-in-node=\"151\">championships@padelfip.com<\/i>.<\/p>\n<p>[\/vc_column_text][\/vc_column][\/vc_row][vc_row][vc_column][vc_column_text]<\/p>\n<div data-wp-interactive=\"core\/file\" class=\"wp-block-file\"><object data-wp-bind--hidden=\"!state.hasPdfPreview\" hidden class=\"wp-block-file__embed\" data=\"https:\/\/frpadel.ro\/wp-content\/uploads\/2026\/03\/FIP-Junior-Continental-Cups-2026-Africa-Americas-Asia-Europe-Preliminary-Sport-Info-ENG.pdf\" type=\"application\/pdf\" style=\"width:100%;height:600px\" aria-label=\"\u00cenglobare pentru FIP Junior Continental Cups 2026 - Africa, Americas, Asia, Europe - Preliminary Sport Info ENG.\"><\/object><a id=\"wp-block-file--media-f49116fa-433a-4d84-9b28-8491e0996a26\" href=\"https:\/\/frpadel.ro\/wp-content\/uploads\/2026\/03\/FIP-Junior-Continental-Cups-2026-Africa-Americas-Asia-Europe-Preliminary-Sport-Info-ENG.pdf\">FIP Junior Continental Cups 2026 &#8211; Africa, Americas, Asia, Europe &#8211; Preliminary Sport Info ENG<\/a><a href=\"https:\/\/frpadel.ro\/wp-content\/uploads\/2026\/03\/FIP-Junior-Continental-Cups-2026-Africa-Americas-Asia-Europe-Preliminary-Sport-Info-ENG.pdf\" class=\"wp-block-file__button wp-element-button\" download aria-describedby=\"wp-block-file--media-f49116fa-433a-4d84-9b28-8491e0996a26\">Descarc\u0103<\/a><\/div>\n<p>[\/vc_column_text][\/vc_column][\/vc_row][vc_row][vc_column][\/vc_column][\/vc_row]<\/p>\n<\/div>","protected":false},"excerpt":{"rendered":"<p>[vc_row][vc_column][vc_column_text css=&#8221;&#8221;] Federa\u021bia Interna\u021bional\u0103 de Padel (FIP) a comunicat oficial stabilirea unui reper istoric pentru dezvoltarea padelului juvenil la nivel global. Pentru prima dat\u0103 \u00een istoria disciplinei, patru edi\u021bii ale Cupelor Continentale FIP Junior se vor desf\u0103\u0219ura \u00een cursul aceluia\u0219i an calendaristic, respectiv \u00een 2026. \u00cen urma procesului de selec\u021bie a candidaturilor (bidding process) lansat&#8230;<\/p>\n","protected":false},"author":1,"featured_media":3794,"comment_status":"closed","ping_status":"closed","sticky":false,"template":"","format":"standard","meta":{"_acf_changed":false,"footnotes":""},"categories":[100,88],"tags":[],"class_list":["post-3793","post","type-post","status-publish","format-standard","has-post-thumbnail","hentry","category-anunturi","category-competitii"],"acf":[],"yoast_head":"<!-- This site is optimized with the Yoast SEO Premium plugin v26.0 (Yoast SEO v26.0) - https:\/\/yoast.com\/wordpress\/plugins\/seo\/ -->\n<title>Calendarul Cupelor Continentale FIP Junior 2026 \u0219i Desemnarea \u021a\u0103rilor Gazd\u0103 - Federatia de Padel din Romania<\/title>\n<meta name=\"robots\" content=\"index, follow, max-snippet:-1, max-image-preview:large, max-video-preview:-1\" \/>\n<link rel=\"canonical\" href=\"https:\/\/frpadel.ro\/index.php\/2026\/03\/12\/calendarul-cupelor-continentale-fip-junior-2026-si-desemnarea-tarilor-gazda\/\" \/>\n<meta property=\"og:locale\" content=\"ro_RO\" \/>\n<meta property=\"og:type\" content=\"article\" \/>\n<meta property=\"og:title\" content=\"Calendarul Cupelor Continentale FIP Junior 2026 \u0219i Desemnarea \u021a\u0103rilor Gazd\u0103\" \/>\n<meta property=\"og:description\" content=\"[vc_row][vc_column][vc_column_text css=&#8221;&#8221;] Federa\u021bia Interna\u021bional\u0103 de Padel (FIP) a comunicat oficial stabilirea unui reper istoric pentru dezvoltarea padelului juvenil la nivel global. Pentru prima dat\u0103 \u00een istoria disciplinei, patru edi\u021bii ale Cupelor Continentale FIP Junior se vor desf\u0103\u0219ura \u00een cursul aceluia\u0219i an calendaristic, respectiv \u00een 2026. \u00cen urma procesului de selec\u021bie a candidaturilor (bidding process) lansat...\" \/>\n<meta property=\"og:url\" content=\"https:\/\/frpadel.ro\/index.php\/2026\/03\/12\/calendarul-cupelor-continentale-fip-junior-2026-si-desemnarea-tarilor-gazda\/\" \/>\n<meta property=\"og:site_name\" content=\"Federatia de Padel din Romania\" \/>\n<meta property=\"article:published_time\" content=\"2026-03-12T19:01:43+00:00\" \/>\n<meta property=\"article:modified_time\" content=\"2026-03-12T19:02:15+00:00\" \/>\n<meta property=\"og:image\" content=\"https:\/\/frpadel.ro\/wp-content\/uploads\/2026\/03\/FIP-JUNIOR-2026_WEB-1024x576.png\" \/>\n\t<meta property=\"og:image:width\" content=\"1024\" \/>\n\t<meta property=\"og:image:height\" content=\"576\" \/>\n\t<meta property=\"og:image:type\" content=\"image\/png\" \/>\n<meta name=\"author\" content=\"Federatia de Padel\" \/>\n<meta name=\"twitter:card\" content=\"summary_large_image\" \/>\n<meta name=\"twitter:label1\" content=\"Scris de\" \/>\n\t<meta name=\"twitter:data1\" content=\"Federatia de Padel\" \/>\n\t<meta name=\"twitter:label2\" content=\"Timp estimat pentru citire\" \/>\n\t<meta name=\"twitter:data2\" content=\"1 minut\" \/>\n<script type=\"application\/ld+json\" class=\"yoast-schema-graph\">{\"@context\":\"https:\/\/schema.org\",\"@graph\":[{\"@type\":\"WebPage\",\"@id\":\"https:\/\/frpadel.ro\/index.php\/2026\/03\/12\/calendarul-cupelor-continentale-fip-junior-2026-si-desemnarea-tarilor-gazda\/\",\"url\":\"https:\/\/frpadel.ro\/index.php\/2026\/03\/12\/calendarul-cupelor-continentale-fip-junior-2026-si-desemnarea-tarilor-gazda\/\",\"name\":\"Calendarul Cupelor Continentale FIP Junior 2026 \u0219i Desemnarea \u021a\u0103rilor Gazd\u0103 - Federatia de Padel din Romania\",\"isPartOf\":{\"@id\":\"https:\/\/frpadel.ro\/#website\"},\"primaryImageOfPage\":{\"@id\":\"https:\/\/frpadel.ro\/index.php\/2026\/03\/12\/calendarul-cupelor-continentale-fip-junior-2026-si-desemnarea-tarilor-gazda\/#primaryimage\"},\"image\":{\"@id\":\"https:\/\/frpadel.ro\/index.php\/2026\/03\/12\/calendarul-cupelor-continentale-fip-junior-2026-si-desemnarea-tarilor-gazda\/#primaryimage\"},\"thumbnailUrl\":\"https:\/\/frpadel.ro\/wp-content\/uploads\/2026\/03\/FIP-JUNIOR-2026_WEB.png\",\"datePublished\":\"2026-03-12T19:01:43+00:00\",\"dateModified\":\"2026-03-12T19:02:15+00:00\",\"author\":{\"@id\":\"https:\/\/frpadel.ro\/#\/schema\/person\/6669a0f650ec513e558cafdf68d98036\"},\"breadcrumb\":{\"@id\":\"https:\/\/frpadel.ro\/index.php\/2026\/03\/12\/calendarul-cupelor-continentale-fip-junior-2026-si-desemnarea-tarilor-gazda\/#breadcrumb\"},\"inLanguage\":\"ro-RO\",\"potentialAction\":[{\"@type\":\"ReadAction\",\"target\":[\"https:\/\/frpadel.ro\/index.php\/2026\/03\/12\/calendarul-cupelor-continentale-fip-junior-2026-si-desemnarea-tarilor-gazda\/\"]}]},{\"@type\":\"ImageObject\",\"inLanguage\":\"ro-RO\",\"@id\":\"https:\/\/frpadel.ro\/index.php\/2026\/03\/12\/calendarul-cupelor-continentale-fip-junior-2026-si-desemnarea-tarilor-gazda\/#primaryimage\",\"url\":\"https:\/\/frpadel.ro\/wp-content\/uploads\/2026\/03\/FIP-JUNIOR-2026_WEB.png\",\"contentUrl\":\"https:\/\/frpadel.ro\/wp-content\/uploads\/2026\/03\/FIP-JUNIOR-2026_WEB.png\",\"width\":1920,\"height\":1080},{\"@type\":\"BreadcrumbList\",\"@id\":\"https:\/\/frpadel.ro\/index.php\/2026\/03\/12\/calendarul-cupelor-continentale-fip-junior-2026-si-desemnarea-tarilor-gazda\/#breadcrumb\",\"itemListElement\":[{\"@type\":\"ListItem\",\"position\":1,\"name\":\"Prima pagin\u0103\",\"item\":\"https:\/\/frpadel.ro\/\"},{\"@type\":\"ListItem\",\"position\":2,\"name\":\"Calendarul Cupelor Continentale FIP Junior 2026 \u0219i Desemnarea \u021a\u0103rilor Gazd\u0103\"}]},{\"@type\":\"WebSite\",\"@id\":\"https:\/\/frpadel.ro\/#website\",\"url\":\"https:\/\/frpadel.ro\/\",\"name\":\"Federatia de Padel din Romania\",\"description\":\"Website-ul Federa\u021biei de Padel din Rom\u00e2nia\",\"potentialAction\":[{\"@type\":\"SearchAction\",\"target\":{\"@type\":\"EntryPoint\",\"urlTemplate\":\"https:\/\/frpadel.ro\/?s={search_term_string}\"},\"query-input\":{\"@type\":\"PropertyValueSpecification\",\"valueRequired\":true,\"valueName\":\"search_term_string\"}}],\"inLanguage\":\"ro-RO\"},{\"@type\":\"Person\",\"@id\":\"https:\/\/frpadel.ro\/#\/schema\/person\/6669a0f650ec513e558cafdf68d98036\",\"name\":\"Federatia de Padel\",\"image\":{\"@type\":\"ImageObject\",\"inLanguage\":\"ro-RO\",\"@id\":\"https:\/\/frpadel.ro\/#\/schema\/person\/image\/\",\"url\":\"https:\/\/secure.gravatar.com\/avatar\/2984a1ce75944179eebd7c4148370b6fb63c0230e0a2bbc6f2d9a02192bde491?s=96&d=mm&r=g\",\"contentUrl\":\"https:\/\/secure.gravatar.com\/avatar\/2984a1ce75944179eebd7c4148370b6fb63c0230e0a2bbc6f2d9a02192bde491?s=96&d=mm&r=g\",\"caption\":\"Federatia de Padel\"},\"sameAs\":[\"https:\/\/frpadel.ro\"],\"url\":\"https:\/\/frpadel.ro\/index.php\/author\/admin_p93hpmer\/\"}]}<\/script>\n<!-- \/ Yoast SEO Premium plugin. -->","yoast_head_json":{"title":"Calendarul Cupelor Continentale FIP Junior 2026 \u0219i Desemnarea \u021a\u0103rilor Gazd\u0103 - Federatia de Padel din Romania","robots":{"index":"index","follow":"follow","max-snippet":"max-snippet:-1","max-image-preview":"max-image-preview:large","max-video-preview":"max-video-preview:-1"},"canonical":"https:\/\/frpadel.ro\/index.php\/2026\/03\/12\/calendarul-cupelor-continentale-fip-junior-2026-si-desemnarea-tarilor-gazda\/","og_locale":"ro_RO","og_type":"article","og_title":"Calendarul Cupelor Continentale FIP Junior 2026 \u0219i Desemnarea \u021a\u0103rilor Gazd\u0103","og_description":"[vc_row][vc_column][vc_column_text css=&#8221;&#8221;] Federa\u021bia Interna\u021bional\u0103 de Padel (FIP) a comunicat oficial stabilirea unui reper istoric pentru dezvoltarea padelului juvenil la nivel global. Pentru prima dat\u0103 \u00een istoria disciplinei, patru edi\u021bii ale Cupelor Continentale FIP Junior se vor desf\u0103\u0219ura \u00een cursul aceluia\u0219i an calendaristic, respectiv \u00een 2026. \u00cen urma procesului de selec\u021bie a candidaturilor (bidding process) lansat...","og_url":"https:\/\/frpadel.ro\/index.php\/2026\/03\/12\/calendarul-cupelor-continentale-fip-junior-2026-si-desemnarea-tarilor-gazda\/","og_site_name":"Federatia de Padel din Romania","article_published_time":"2026-03-12T19:01:43+00:00","article_modified_time":"2026-03-12T19:02:15+00:00","og_image":[{"width":1024,"height":576,"url":"https:\/\/frpadel.ro\/wp-content\/uploads\/2026\/03\/FIP-JUNIOR-2026_WEB-1024x576.png","type":"image\/png"}],"author":"Federatia de Padel","twitter_card":"summary_large_image","twitter_misc":{"Scris de":"Federatia de Padel","Timp estimat pentru citire":"1 minut"},"schema":{"@context":"https:\/\/schema.org","@graph":[{"@type":"WebPage","@id":"https:\/\/frpadel.ro\/index.php\/2026\/03\/12\/calendarul-cupelor-continentale-fip-junior-2026-si-desemnarea-tarilor-gazda\/","url":"https:\/\/frpadel.ro\/index.php\/2026\/03\/12\/calendarul-cupelor-continentale-fip-junior-2026-si-desemnarea-tarilor-gazda\/","name":"Calendarul Cupelor Continentale FIP Junior 2026 \u0219i Desemnarea \u021a\u0103rilor Gazd\u0103 - Federatia de Padel din Romania","isPartOf":{"@id":"https:\/\/frpadel.ro\/#website"},"primaryImageOfPage":{"@id":"https:\/\/frpadel.ro\/index.php\/2026\/03\/12\/calendarul-cupelor-continentale-fip-junior-2026-si-desemnarea-tarilor-gazda\/#primaryimage"},"image":{"@id":"https:\/\/frpadel.ro\/index.php\/2026\/03\/12\/calendarul-cupelor-continentale-fip-junior-2026-si-desemnarea-tarilor-gazda\/#primaryimage"},"thumbnailUrl":"https:\/\/frpadel.ro\/wp-content\/uploads\/2026\/03\/FIP-JUNIOR-2026_WEB.png","datePublished":"2026-03-12T19:01:43+00:00","dateModified":"2026-03-12T19:02:15+00:00","author":{"@id":"https:\/\/frpadel.ro\/#\/schema\/person\/6669a0f650ec513e558cafdf68d98036"},"breadcrumb":{"@id":"https:\/\/frpadel.ro\/index.php\/2026\/03\/12\/calendarul-cupelor-continentale-fip-junior-2026-si-desemnarea-tarilor-gazda\/#breadcrumb"},"inLanguage":"ro-RO","potentialAction":[{"@type":"ReadAction","target":["https:\/\/frpadel.ro\/index.php\/2026\/03\/12\/calendarul-cupelor-continentale-fip-junior-2026-si-desemnarea-tarilor-gazda\/"]}]},{"@type":"ImageObject","inLanguage":"ro-RO","@id":"https:\/\/frpadel.ro\/index.php\/2026\/03\/12\/calendarul-cupelor-continentale-fip-junior-2026-si-desemnarea-tarilor-gazda\/#primaryimage","url":"https:\/\/frpadel.ro\/wp-content\/uploads\/2026\/03\/FIP-JUNIOR-2026_WEB.png","contentUrl":"https:\/\/frpadel.ro\/wp-content\/uploads\/2026\/03\/FIP-JUNIOR-2026_WEB.png","width":1920,"height":1080},{"@type":"BreadcrumbList","@id":"https:\/\/frpadel.ro\/index.php\/2026\/03\/12\/calendarul-cupelor-continentale-fip-junior-2026-si-desemnarea-tarilor-gazda\/#breadcrumb","itemListElement":[{"@type":"ListItem","position":1,"name":"Prima pagin\u0103","item":"https:\/\/frpadel.ro\/"},{"@type":"ListItem","position":2,"name":"Calendarul Cupelor Continentale FIP Junior 2026 \u0219i Desemnarea \u021a\u0103rilor Gazd\u0103"}]},{"@type":"WebSite","@id":"https:\/\/frpadel.ro\/#website","url":"https:\/\/frpadel.ro\/","name":"Federatia de Padel din Romania","description":"Website-ul Federa\u021biei de Padel din Rom\u00e2nia","potentialAction":[{"@type":"SearchAction","target":{"@type":"EntryPoint","urlTemplate":"https:\/\/frpadel.ro\/?s={search_term_string}"},"query-input":{"@type":"PropertyValueSpecification","valueRequired":true,"valueName":"search_term_string"}}],"inLanguage":"ro-RO"},{"@type":"Person","@id":"https:\/\/frpadel.ro\/#\/schema\/person\/6669a0f650ec513e558cafdf68d98036","name":"Federatia de Padel","image":{"@type":"ImageObject","inLanguage":"ro-RO","@id":"https:\/\/frpadel.ro\/#\/schema\/person\/image\/","url":"https:\/\/secure.gravatar.com\/avatar\/2984a1ce75944179eebd7c4148370b6fb63c0230e0a2bbc6f2d9a02192bde491?s=96&d=mm&r=g","contentUrl":"https:\/\/secure.gravatar.com\/avatar\/2984a1ce75944179eebd7c4148370b6fb63c0230e0a2bbc6f2d9a02192bde491?s=96&d=mm&r=g","caption":"Federatia de Padel"},"sameAs":["https:\/\/frpadel.ro"],"url":"https:\/\/frpadel.ro\/index.php\/author\/admin_p93hpmer\/"}]}},"_links":{"self":[{"href":"https:\/\/frpadel.ro\/index.php\/wp-json\/wp\/v2\/posts\/3793","targetHints":{"allow":["GET"]}}],"collection":[{"href":"https:\/\/frpadel.ro\/index.php\/wp-json\/wp\/v2\/posts"}],"about":[{"href":"https:\/\/frpadel.ro\/index.php\/wp-json\/wp\/v2\/types\/post"}],"author":[{"embeddable":true,"href":"https:\/\/frpadel.ro\/index.php\/wp-json\/wp\/v2\/users\/1"}],"replies":[{"embeddable":true,"href":"https:\/\/frpadel.ro\/index.php\/wp-json\/wp\/v2\/comments?post=3793"}],"version-history":[{"count":3,"href":"https:\/\/frpadel.ro\/index.php\/wp-json\/wp\/v2\/posts\/3793\/revisions"}],"predecessor-version":[{"id":3798,"href":"https:\/\/frpadel.ro\/index.php\/wp-json\/wp\/v2\/posts\/3793\/revisions\/3798"}],"wp:featuredmedia":[{"embeddable":true,"href":"https:\/\/frpadel.ro\/index.php\/wp-json\/wp\/v2\/media\/3794"}],"wp:attachment":[{"href":"https:\/\/frpadel.ro\/index.php\/wp-json\/wp\/v2\/media?parent=3793"}],"wp:term":[{"taxonomy":"category","embeddable":true,"href":"https:\/\/frpadel.ro\/index.php\/wp-json\/wp\/v2\/categories?post=3793"},{"taxonomy":"post_tag","embeddable":true,"href":"https:\/\/frpadel.ro\/index.php\/wp-json\/wp\/v2\/tags?post=3793"}],"curies":[{"name":"wp","href":"https:\/\/api.w.org\/{rel}","templated":true}]}}