{"id":3721,"date":"2026-01-26T23:17:15","date_gmt":"2026-01-26T21:17:15","guid":{"rendered":"https:\/\/frpadel.ro\/?p=3721"},"modified":"2026-01-26T23:17:15","modified_gmt":"2026-01-26T21:17:15","slug":"presedintele-fip-luigi-carraro-purtator-al-tortei-olimpice-la-milano-cortina-2026","status":"publish","type":"post","link":"https:\/\/frpadel.ro\/index.php\/2026\/01\/26\/presedintele-fip-luigi-carraro-purtator-al-tortei-olimpice-la-milano-cortina-2026\/","title":{"rendered":"Pre\u0219edintele FIP, Luigi Carraro, purtator al tor\u021bei olimpice la Milano-Cortina 2026"},"content":{"rendered":"<div class=\"wpb-content-wrapper\"><p>[vc_row][vc_column][vc_column_text css=&#8221;&#8221;]<\/p>\n<p data-start=\"302\" data-end=\"376\"><strong data-start=\"302\" data-end=\"376\">O emo\u021bie unic\u0103 care a reprezentat \u00eentreaga comunitate global\u0103 de padel<\/strong><\/p>\n<p data-start=\"378\" data-end=\"687\">Pe <strong data-start=\"381\" data-end=\"401\">26 ianuarie 2026<\/strong>, \u00eentr-un moment \u00eenc\u0103rcat de simbolism \u0219i semnifica\u021bie sportiv\u0103, <strong data-start=\"466\" data-end=\"483\">Luigi Carraro<\/strong>, pre\u0219edintele Federa\u021biei Interna\u021bionale de Padel (FIP), a avut onoarea de a <strong data-start=\"560\" data-end=\"584\">purta tor\u021ba olimpic\u0103<\/strong> \u00een cadrul <strong data-start=\"595\" data-end=\"648\">jocurilor Olimpice de Iarn\u0103 <em data-start=\"625\" data-end=\"646\">Milano-Cortina 2026<\/em><\/strong>.<\/p>\n<p data-start=\"689\" data-end=\"954\">Parcursul fl\u0103c\u0103rii olimpice &#8211; un simbol al unit\u0103\u021bii \u0219i al excelen\u021bei \u00een sport &#8211; a fost onorat \u0219i de reprezentantul padelului, marc\u00e2nd astfel o prezen\u021b\u0103 simbolic\u0103 a sportului \u00een cel mai important eveniment multisportiv din lume.<\/p>\n<blockquote data-start=\"956\" data-end=\"1334\">\n<p data-start=\"958\" data-end=\"1334\">\u201eA purta tor\u021ba olimpic\u0103 a fost o experien\u021b\u0103 profund emo\u021bionant\u0103, greu de exprimat \u00een cuvinte. \u00cen acei pa\u0219i am sim\u021bit c\u0103 reprezint ceva ce dep\u0103\u0219e\u0219te cu mult propria mea persoan\u0103: cei peste <strong data-start=\"1146\" data-end=\"1176\">35 de milioane de juc\u0103tori<\/strong>, pasiona\u021bii de padel din \u00eentreaga lume, federa\u021biile na\u021bionale, sportivii, antrenorii \u0219i oficialii.\u201d \u2013 <strong data-start=\"1279\" data-end=\"1296\">Luigi Carraro<\/strong><\/p>\n<\/blockquote>\n<p data-start=\"1336\" data-end=\"1555\">Carraro a ad\u0103ugat c\u0103 acest moment reflect\u0103 aspira\u021biile padelului de a continua <strong data-start=\"1415\" data-end=\"1436\">s\u0103 creasc\u0103 global<\/strong>, sus\u021bin\u00e2nd valorile olimpice precum incluziunea, pasiunea \u0219i excelen\u021ba sportiv\u0103.<\/p>\n<p data-start=\"1557\" data-end=\"1869\">\ud83d\udc49 Prezen\u021ba oficialului FIP \u00een cadrul tradi\u021bionalei <strong data-start=\"1609\" data-end=\"1646\">retransmiteri a fl\u0103c\u0103rii olimpice<\/strong> nu este doar o onoare personal\u0103, ci \u0219i o recunoa\u0219tere a dezvolt\u0103rii rapide a padelului la nivel mondial \u0219i a comunit\u0103\u021bii din ce \u00een ce mai unite \u0219i numeroase de juc\u0103tori \u0219i sus\u021bin\u0103tori.<\/p>\n<p>Sursa: <a href=\"https:\/\/www.padelfip.com\/2026\/01\/fip-president-luigi-carraro-carries-the-olympic-torch-for-milano-cortina-2026-a-unique-emotion-in-those-steps-was-the-entire-world-of-padel\/\">https:\/\/www.padelfip.com\/2026\/01\/fip-president-luigi-carraro-carries-the-olympic-torch-for-milano-cortina-2026-a-unique-emotion-in-those-steps-was-the-entire-world-of-padel\/<\/a><\/p>\n<p>[\/vc_column_text][\/vc_column][\/vc_row]<\/p>\n<\/div>","protected":false},"excerpt":{"rendered":"<p>Pe 26 ianuarie 2026, \u00eentr-un moment \u00eenc\u0103rcat de simbolism \u0219i semnifica\u021bie sportiv\u0103, Luigi Carraro, pre\u0219edintele Federa\u021biei Interna\u021bionale de Padel (FIP), a avut onoarea de a purta tor\u021ba olimpic\u0103 \u00een cadrul jocurilor Olimpice de Iarn\u0103 Milano-Cortina 2026.<\/p>\n","protected":false},"author":1,"featured_media":3722,"comment_status":"closed","ping_status":"closed","sticky":false,"template":"","format":"standard","meta":{"_acf_changed":false,"footnotes":""},"categories":[100],"tags":[103],"class_list":["post-3721","post","type-post","status-publish","format-standard","has-post-thumbnail","hentry","category-anunturi","tag-fip"],"acf":[],"yoast_head":"<!-- This site is optimized with the Yoast SEO Premium plugin v26.0 (Yoast SEO v26.0) - https:\/\/yoast.com\/wordpress\/plugins\/seo\/ -->\n<title>Pre\u0219edintele FIP, Luigi Carraro, purtator al tor\u021bei olimpice la Milano-Cortina 2026 - Federatia de Padel din Romania<\/title>\n<meta name=\"robots\" content=\"index, follow, max-snippet:-1, max-image-preview:large, max-video-preview:-1\" \/>\n<link rel=\"canonical\" href=\"https:\/\/frpadel.ro\/index.php\/2026\/01\/26\/presedintele-fip-luigi-carraro-purtator-al-tortei-olimpice-la-milano-cortina-2026\/\" \/>\n<meta property=\"og:locale\" content=\"ro_RO\" \/>\n<meta property=\"og:type\" content=\"article\" \/>\n<meta property=\"og:title\" content=\"Pre\u0219edintele FIP, Luigi Carraro, purtator al tor\u021bei olimpice la Milano-Cortina 2026\" \/>\n<meta property=\"og:description\" content=\"Pe 26 ianuarie 2026, \u00eentr-un moment \u00eenc\u0103rcat de simbolism \u0219i semnifica\u021bie sportiv\u0103, Luigi Carraro, pre\u0219edintele Federa\u021biei Interna\u021bionale de Padel (FIP), a avut onoarea de a purta tor\u021ba olimpic\u0103 \u00een cadrul jocurilor Olimpice de Iarn\u0103 Milano-Cortina 2026.\" \/>\n<meta property=\"og:url\" content=\"https:\/\/frpadel.ro\/index.php\/2026\/01\/26\/presedintele-fip-luigi-carraro-purtator-al-tortei-olimpice-la-milano-cortina-2026\/\" \/>\n<meta property=\"og:site_name\" content=\"Federatia de Padel din Romania\" \/>\n<meta property=\"article:published_time\" content=\"2026-01-26T21:17:15+00:00\" \/>\n<meta property=\"og:image\" content=\"https:\/\/frpadel.ro\/wp-content\/uploads\/2026\/01\/image010.jpg\" \/>\n\t<meta property=\"og:image:width\" content=\"1920\" \/>\n\t<meta property=\"og:image:height\" content=\"1080\" \/>\n\t<meta property=\"og:image:type\" content=\"image\/jpeg\" \/>\n<meta name=\"author\" content=\"Federatia de Padel\" \/>\n<meta name=\"twitter:card\" content=\"summary_large_image\" \/>\n<meta name=\"twitter:label1\" content=\"Scris de\" \/>\n\t<meta name=\"twitter:data1\" content=\"Federatia de Padel\" \/>\n\t<meta name=\"twitter:label2\" content=\"Timp estimat pentru citire\" \/>\n\t<meta name=\"twitter:data2\" content=\"1 minut\" \/>\n<script type=\"application\/ld+json\" class=\"yoast-schema-graph\">{\"@context\":\"https:\/\/schema.org\",\"@graph\":[{\"@type\":\"WebPage\",\"@id\":\"https:\/\/frpadel.ro\/index.php\/2026\/01\/26\/presedintele-fip-luigi-carraro-purtator-al-tortei-olimpice-la-milano-cortina-2026\/\",\"url\":\"https:\/\/frpadel.ro\/index.php\/2026\/01\/26\/presedintele-fip-luigi-carraro-purtator-al-tortei-olimpice-la-milano-cortina-2026\/\",\"name\":\"Pre\u0219edintele FIP, Luigi Carraro, purtator al tor\u021bei olimpice la Milano-Cortina 2026 - Federatia de Padel din Romania\",\"isPartOf\":{\"@id\":\"https:\/\/frpadel.ro\/#website\"},\"primaryImageOfPage\":{\"@id\":\"https:\/\/frpadel.ro\/index.php\/2026\/01\/26\/presedintele-fip-luigi-carraro-purtator-al-tortei-olimpice-la-milano-cortina-2026\/#primaryimage\"},\"image\":{\"@id\":\"https:\/\/frpadel.ro\/index.php\/2026\/01\/26\/presedintele-fip-luigi-carraro-purtator-al-tortei-olimpice-la-milano-cortina-2026\/#primaryimage\"},\"thumbnailUrl\":\"https:\/\/frpadel.ro\/wp-content\/uploads\/2026\/01\/image010.jpg\",\"datePublished\":\"2026-01-26T21:17:15+00:00\",\"author\":{\"@id\":\"https:\/\/frpadel.ro\/#\/schema\/person\/6669a0f650ec513e558cafdf68d98036\"},\"breadcrumb\":{\"@id\":\"https:\/\/frpadel.ro\/index.php\/2026\/01\/26\/presedintele-fip-luigi-carraro-purtator-al-tortei-olimpice-la-milano-cortina-2026\/#breadcrumb\"},\"inLanguage\":\"ro-RO\",\"potentialAction\":[{\"@type\":\"ReadAction\",\"target\":[\"https:\/\/frpadel.ro\/index.php\/2026\/01\/26\/presedintele-fip-luigi-carraro-purtator-al-tortei-olimpice-la-milano-cortina-2026\/\"]}]},{\"@type\":\"ImageObject\",\"inLanguage\":\"ro-RO\",\"@id\":\"https:\/\/frpadel.ro\/index.php\/2026\/01\/26\/presedintele-fip-luigi-carraro-purtator-al-tortei-olimpice-la-milano-cortina-2026\/#primaryimage\",\"url\":\"https:\/\/frpadel.ro\/wp-content\/uploads\/2026\/01\/image010.jpg\",\"contentUrl\":\"https:\/\/frpadel.ro\/wp-content\/uploads\/2026\/01\/image010.jpg\",\"width\":1920,\"height\":1080},{\"@type\":\"BreadcrumbList\",\"@id\":\"https:\/\/frpadel.ro\/index.php\/2026\/01\/26\/presedintele-fip-luigi-carraro-purtator-al-tortei-olimpice-la-milano-cortina-2026\/#breadcrumb\",\"itemListElement\":[{\"@type\":\"ListItem\",\"position\":1,\"name\":\"Prima pagin\u0103\",\"item\":\"https:\/\/frpadel.ro\/\"},{\"@type\":\"ListItem\",\"position\":2,\"name\":\"Pre\u0219edintele FIP, Luigi Carraro, purtator al tor\u021bei olimpice la Milano-Cortina 2026\"}]},{\"@type\":\"WebSite\",\"@id\":\"https:\/\/frpadel.ro\/#website\",\"url\":\"https:\/\/frpadel.ro\/\",\"name\":\"Federatia de Padel din Romania\",\"description\":\"Website-ul Federa\u021biei de Padel din Rom\u00e2nia\",\"potentialAction\":[{\"@type\":\"SearchAction\",\"target\":{\"@type\":\"EntryPoint\",\"urlTemplate\":\"https:\/\/frpadel.ro\/?s={search_term_string}\"},\"query-input\":{\"@type\":\"PropertyValueSpecification\",\"valueRequired\":true,\"valueName\":\"search_term_string\"}}],\"inLanguage\":\"ro-RO\"},{\"@type\":\"Person\",\"@id\":\"https:\/\/frpadel.ro\/#\/schema\/person\/6669a0f650ec513e558cafdf68d98036\",\"name\":\"Federatia de Padel\",\"image\":{\"@type\":\"ImageObject\",\"inLanguage\":\"ro-RO\",\"@id\":\"https:\/\/frpadel.ro\/#\/schema\/person\/image\/\",\"url\":\"https:\/\/secure.gravatar.com\/avatar\/2984a1ce75944179eebd7c4148370b6fb63c0230e0a2bbc6f2d9a02192bde491?s=96&d=mm&r=g\",\"contentUrl\":\"https:\/\/secure.gravatar.com\/avatar\/2984a1ce75944179eebd7c4148370b6fb63c0230e0a2bbc6f2d9a02192bde491?s=96&d=mm&r=g\",\"caption\":\"Federatia de Padel\"},\"sameAs\":[\"https:\/\/frpadel.ro\"],\"url\":\"https:\/\/frpadel.ro\/index.php\/author\/admin_p93hpmer\/\"}]}<\/script>\n<!-- \/ Yoast SEO Premium plugin. -->","yoast_head_json":{"title":"Pre\u0219edintele FIP, Luigi Carraro, purtator al tor\u021bei olimpice la Milano-Cortina 2026 - Federatia de Padel din Romania","robots":{"index":"index","follow":"follow","max-snippet":"max-snippet:-1","max-image-preview":"max-image-preview:large","max-video-preview":"max-video-preview:-1"},"canonical":"https:\/\/frpadel.ro\/index.php\/2026\/01\/26\/presedintele-fip-luigi-carraro-purtator-al-tortei-olimpice-la-milano-cortina-2026\/","og_locale":"ro_RO","og_type":"article","og_title":"Pre\u0219edintele FIP, Luigi Carraro, purtator al tor\u021bei olimpice la Milano-Cortina 2026","og_description":"Pe 26 ianuarie 2026, \u00eentr-un moment \u00eenc\u0103rcat de simbolism \u0219i semnifica\u021bie sportiv\u0103, Luigi Carraro, pre\u0219edintele Federa\u021biei Interna\u021bionale de Padel (FIP), a avut onoarea de a purta tor\u021ba olimpic\u0103 \u00een cadrul jocurilor Olimpice de Iarn\u0103 Milano-Cortina 2026.","og_url":"https:\/\/frpadel.ro\/index.php\/2026\/01\/26\/presedintele-fip-luigi-carraro-purtator-al-tortei-olimpice-la-milano-cortina-2026\/","og_site_name":"Federatia de Padel din Romania","article_published_time":"2026-01-26T21:17:15+00:00","og_image":[{"width":1920,"height":1080,"url":"https:\/\/frpadel.ro\/wp-content\/uploads\/2026\/01\/image010.jpg","type":"image\/jpeg"}],"author":"Federatia de Padel","twitter_card":"summary_large_image","twitter_misc":{"Scris de":"Federatia de Padel","Timp estimat pentru citire":"1 minut"},"schema":{"@context":"https:\/\/schema.org","@graph":[{"@type":"WebPage","@id":"https:\/\/frpadel.ro\/index.php\/2026\/01\/26\/presedintele-fip-luigi-carraro-purtator-al-tortei-olimpice-la-milano-cortina-2026\/","url":"https:\/\/frpadel.ro\/index.php\/2026\/01\/26\/presedintele-fip-luigi-carraro-purtator-al-tortei-olimpice-la-milano-cortina-2026\/","name":"Pre\u0219edintele FIP, Luigi Carraro, purtator al tor\u021bei olimpice la Milano-Cortina 2026 - Federatia de Padel din Romania","isPartOf":{"@id":"https:\/\/frpadel.ro\/#website"},"primaryImageOfPage":{"@id":"https:\/\/frpadel.ro\/index.php\/2026\/01\/26\/presedintele-fip-luigi-carraro-purtator-al-tortei-olimpice-la-milano-cortina-2026\/#primaryimage"},"image":{"@id":"https:\/\/frpadel.ro\/index.php\/2026\/01\/26\/presedintele-fip-luigi-carraro-purtator-al-tortei-olimpice-la-milano-cortina-2026\/#primaryimage"},"thumbnailUrl":"https:\/\/frpadel.ro\/wp-content\/uploads\/2026\/01\/image010.jpg","datePublished":"2026-01-26T21:17:15+00:00","author":{"@id":"https:\/\/frpadel.ro\/#\/schema\/person\/6669a0f650ec513e558cafdf68d98036"},"breadcrumb":{"@id":"https:\/\/frpadel.ro\/index.php\/2026\/01\/26\/presedintele-fip-luigi-carraro-purtator-al-tortei-olimpice-la-milano-cortina-2026\/#breadcrumb"},"inLanguage":"ro-RO","potentialAction":[{"@type":"ReadAction","target":["https:\/\/frpadel.ro\/index.php\/2026\/01\/26\/presedintele-fip-luigi-carraro-purtator-al-tortei-olimpice-la-milano-cortina-2026\/"]}]},{"@type":"ImageObject","inLanguage":"ro-RO","@id":"https:\/\/frpadel.ro\/index.php\/2026\/01\/26\/presedintele-fip-luigi-carraro-purtator-al-tortei-olimpice-la-milano-cortina-2026\/#primaryimage","url":"https:\/\/frpadel.ro\/wp-content\/uploads\/2026\/01\/image010.jpg","contentUrl":"https:\/\/frpadel.ro\/wp-content\/uploads\/2026\/01\/image010.jpg","width":1920,"height":1080},{"@type":"BreadcrumbList","@id":"https:\/\/frpadel.ro\/index.php\/2026\/01\/26\/presedintele-fip-luigi-carraro-purtator-al-tortei-olimpice-la-milano-cortina-2026\/#breadcrumb","itemListElement":[{"@type":"ListItem","position":1,"name":"Prima pagin\u0103","item":"https:\/\/frpadel.ro\/"},{"@type":"ListItem","position":2,"name":"Pre\u0219edintele FIP, Luigi Carraro, purtator al tor\u021bei olimpice la Milano-Cortina 2026"}]},{"@type":"WebSite","@id":"https:\/\/frpadel.ro\/#website","url":"https:\/\/frpadel.ro\/","name":"Federatia de Padel din Romania","description":"Website-ul Federa\u021biei de Padel din Rom\u00e2nia","potentialAction":[{"@type":"SearchAction","target":{"@type":"EntryPoint","urlTemplate":"https:\/\/frpadel.ro\/?s={search_term_string}"},"query-input":{"@type":"PropertyValueSpecification","valueRequired":true,"valueName":"search_term_string"}}],"inLanguage":"ro-RO"},{"@type":"Person","@id":"https:\/\/frpadel.ro\/#\/schema\/person\/6669a0f650ec513e558cafdf68d98036","name":"Federatia de Padel","image":{"@type":"ImageObject","inLanguage":"ro-RO","@id":"https:\/\/frpadel.ro\/#\/schema\/person\/image\/","url":"https:\/\/secure.gravatar.com\/avatar\/2984a1ce75944179eebd7c4148370b6fb63c0230e0a2bbc6f2d9a02192bde491?s=96&d=mm&r=g","contentUrl":"https:\/\/secure.gravatar.com\/avatar\/2984a1ce75944179eebd7c4148370b6fb63c0230e0a2bbc6f2d9a02192bde491?s=96&d=mm&r=g","caption":"Federatia de Padel"},"sameAs":["https:\/\/frpadel.ro"],"url":"https:\/\/frpadel.ro\/index.php\/author\/admin_p93hpmer\/"}]}},"_links":{"self":[{"href":"https:\/\/frpadel.ro\/index.php\/wp-json\/wp\/v2\/posts\/3721","targetHints":{"allow":["GET"]}}],"collection":[{"href":"https:\/\/frpadel.ro\/index.php\/wp-json\/wp\/v2\/posts"}],"about":[{"href":"https:\/\/frpadel.ro\/index.php\/wp-json\/wp\/v2\/types\/post"}],"author":[{"embeddable":true,"href":"https:\/\/frpadel.ro\/index.php\/wp-json\/wp\/v2\/users\/1"}],"replies":[{"embeddable":true,"href":"https:\/\/frpadel.ro\/index.php\/wp-json\/wp\/v2\/comments?post=3721"}],"version-history":[{"count":2,"href":"https:\/\/frpadel.ro\/index.php\/wp-json\/wp\/v2\/posts\/3721\/revisions"}],"predecessor-version":[{"id":3724,"href":"https:\/\/frpadel.ro\/index.php\/wp-json\/wp\/v2\/posts\/3721\/revisions\/3724"}],"wp:featuredmedia":[{"embeddable":true,"href":"https:\/\/frpadel.ro\/index.php\/wp-json\/wp\/v2\/media\/3722"}],"wp:attachment":[{"href":"https:\/\/frpadel.ro\/index.php\/wp-json\/wp\/v2\/media?parent=3721"}],"wp:term":[{"taxonomy":"category","embeddable":true,"href":"https:\/\/frpadel.ro\/index.php\/wp-json\/wp\/v2\/categories?post=3721"},{"taxonomy":"post_tag","embeddable":true,"href":"https:\/\/frpadel.ro\/index.php\/wp-json\/wp\/v2\/tags?post=3721"}],"curies":[{"name":"wp","href":"https:\/\/api.w.org\/{rel}","templated":true}]}}