{"id":3715,"date":"2026-01-22T21:58:41","date_gmt":"2026-01-22T19:58:41","guid":{"rendered":"https:\/\/frpadel.ro\/?p=3715"},"modified":"2026-01-22T21:59:20","modified_gmt":"2026-01-22T19:59:20","slug":"padelistii-se-pregatesc-de-o-noua-provocare-circuitul-regional-padel-tour","status":"publish","type":"post","link":"https:\/\/frpadel.ro\/index.php\/2026\/01\/22\/padelistii-se-pregatesc-de-o-noua-provocare-circuitul-regional-padel-tour\/","title":{"rendered":"\u201ePadeli\u0219tii\u201d se preg\u0103tesc de o nou\u0103 provocare: Circuitul Regional Padel Tour"},"content":{"rendered":"<div class=\"wpb-content-wrapper\"><p>[vc_row][vc_column][vc_column_text css=&#8221;&#8221;]Padel Arena Oradea este gata s\u0103 g\u0103zduiasc\u0103 prima etap\u0103 din Circuitul Regional Padel Tour, programat\u0103 \u00een perioada 31 ianuarie \u2013 1 februarie. Organizatorii \u00ee\u0219i doresc o rund\u0103 inaugural\u0103 de succes, care s\u0103 promoveze \u00eendr\u0103gitul sport, care s-a dezvoltat foarte mult \u00een ultimii ani \u00een Oradea \u0219i Rom\u00e2nia.<\/p>\n<p>La prima etap\u0103 se va concura la opt categorii de concurs: Nivelurile 1, 2, 3 \u0219i 4 la masculin, nivelurile 1 \u0219i 2 at\u00e2t la feminin c\u00e2t \u0219i la mixt cu num\u0103r limit\u0103 de echipe.<\/p>\n<blockquote>\n<p>\u201eNe dorim ca at\u00e2t prima etap\u0103, c\u00e2t \u0219i \u00eentregul circuit, s\u0103 fie de mare interes \u0219i deopotriv\u0103, succes. Vom avea premii, tombole, distrac\u021bie, emo\u021bii, toate oferite de un sport de care cu to\u021bii suntem \u00eendr\u0103gosti\u021bi \u0219i la a c\u0103rui dezvoltare putem contribui \u00eempreun\u0103\u201d, a precizat organizatorul turneului, Spiros Baltsavias (<em>foto<\/em>).<\/p>\n<\/blockquote>\n<p>[\/vc_column_text][\/vc_column][\/vc_row][vc_row][vc_column][vc_single_image image=&#8221;3718&#8243; img_size=&#8221;full&#8221; alignment=&#8221;center&#8221; css=&#8221;&#8221;][\/vc_column][\/vc_row][vc_row][vc_column][vc_column_text css=&#8221;&#8221;]Un imbold o reprezint\u0103 \u00eenscrierea juc\u0103torilor or\u0103deni care au posibilitatea de a se confrunta cu juc\u0103tori de top din \u021bar\u0103, de aceea e important s\u0103 se \u00eenscrie din timp pentru o c\u00e2t mai bun\u0103 organizare a turneului. \u00censcrierile se fac pe platforma rankedin.com, pe pagina dedicat\u0103 turneului, Regional Padel Tour.<\/p>\n<p>SURS\u0102: <a href=\"https:\/\/www.bihon.ro\/sport-local\/padelistii-se-pregatesc-de-o-noua-provocare-circuitul-regional-padel-tour-5163934\/\">https:\/\/www.bihon.ro\/sport-local\/padelistii-se-pregatesc-de-o-noua-provocare-circuitul-regional-padel-tour-5163934\/<\/a>[\/vc_column_text][\/vc_column][\/vc_row]<\/p>\n<\/div>","protected":false},"excerpt":{"rendered":"<p>[vc_row][vc_column][vc_column_text css=&#8221;&#8221;]Padel Arena Oradea este gata s\u0103 g\u0103zduiasc\u0103 prima etap\u0103 din Circuitul Regional Padel Tour, programat\u0103 \u00een perioada 31 ianuarie \u2013 1 februarie. Organizatorii \u00ee\u0219i doresc o rund\u0103 inaugural\u0103 de succes, care s\u0103 promoveze \u00eendr\u0103gitul sport, care s-a dezvoltat foarte mult \u00een ultimii ani \u00een Oradea \u0219i Rom\u00e2nia. La prima etap\u0103 se va concura la&#8230;<\/p>\n","protected":false},"author":1,"featured_media":3716,"comment_status":"closed","ping_status":"closed","sticky":false,"template":"","format":"standard","meta":{"_acf_changed":false,"footnotes":""},"categories":[88],"tags":[],"class_list":["post-3715","post","type-post","status-publish","format-standard","has-post-thumbnail","hentry","category-competitii"],"acf":[],"yoast_head":"<!-- This site is optimized with the Yoast SEO Premium plugin v26.0 (Yoast SEO v26.0) - https:\/\/yoast.com\/wordpress\/plugins\/seo\/ -->\n<title>\u201ePadeli\u0219tii\u201d se preg\u0103tesc de o nou\u0103 provocare: Circuitul Regional Padel Tour - Federatia de Padel din Romania<\/title>\n<meta name=\"robots\" content=\"index, follow, max-snippet:-1, max-image-preview:large, max-video-preview:-1\" \/>\n<link rel=\"canonical\" href=\"https:\/\/frpadel.ro\/index.php\/2026\/01\/22\/padelistii-se-pregatesc-de-o-noua-provocare-circuitul-regional-padel-tour\/\" \/>\n<meta property=\"og:locale\" content=\"ro_RO\" \/>\n<meta property=\"og:type\" content=\"article\" \/>\n<meta property=\"og:title\" content=\"\u201ePadeli\u0219tii\u201d se preg\u0103tesc de o nou\u0103 provocare: Circuitul Regional Padel Tour\" \/>\n<meta property=\"og:description\" content=\"[vc_row][vc_column][vc_column_text css=&#8221;&#8221;]Padel Arena Oradea este gata s\u0103 g\u0103zduiasc\u0103 prima etap\u0103 din Circuitul Regional Padel Tour, programat\u0103 \u00een perioada 31 ianuarie \u2013 1 februarie. Organizatorii \u00ee\u0219i doresc o rund\u0103 inaugural\u0103 de succes, care s\u0103 promoveze \u00eendr\u0103gitul sport, care s-a dezvoltat foarte mult \u00een ultimii ani \u00een Oradea \u0219i Rom\u00e2nia. La prima etap\u0103 se va concura la...\" \/>\n<meta property=\"og:url\" content=\"https:\/\/frpadel.ro\/index.php\/2026\/01\/22\/padelistii-se-pregatesc-de-o-noua-provocare-circuitul-regional-padel-tour\/\" \/>\n<meta property=\"og:site_name\" content=\"Federatia de Padel din Romania\" \/>\n<meta property=\"article:published_time\" content=\"2026-01-22T19:58:41+00:00\" \/>\n<meta property=\"article:modified_time\" content=\"2026-01-22T19:59:20+00:00\" \/>\n<meta property=\"og:image\" content=\"https:\/\/frpadel.ro\/wp-content\/uploads\/2026\/01\/9074098spadel-scaled-1.jpg\" \/>\n\t<meta property=\"og:image:width\" content=\"650\" \/>\n\t<meta property=\"og:image:height\" content=\"435\" \/>\n\t<meta property=\"og:image:type\" content=\"image\/jpeg\" \/>\n<meta name=\"author\" content=\"Federatia de Padel\" \/>\n<meta name=\"twitter:card\" content=\"summary_large_image\" \/>\n<meta name=\"twitter:label1\" content=\"Scris de\" \/>\n\t<meta name=\"twitter:data1\" content=\"Federatia de Padel\" \/>\n\t<meta name=\"twitter:label2\" content=\"Timp estimat pentru citire\" \/>\n\t<meta name=\"twitter:data2\" content=\"1 minut\" \/>\n<script type=\"application\/ld+json\" class=\"yoast-schema-graph\">{\"@context\":\"https:\/\/schema.org\",\"@graph\":[{\"@type\":\"WebPage\",\"@id\":\"https:\/\/frpadel.ro\/index.php\/2026\/01\/22\/padelistii-se-pregatesc-de-o-noua-provocare-circuitul-regional-padel-tour\/\",\"url\":\"https:\/\/frpadel.ro\/index.php\/2026\/01\/22\/padelistii-se-pregatesc-de-o-noua-provocare-circuitul-regional-padel-tour\/\",\"name\":\"\u201ePadeli\u0219tii\u201d se preg\u0103tesc de o nou\u0103 provocare: Circuitul Regional Padel Tour - Federatia de Padel din Romania\",\"isPartOf\":{\"@id\":\"https:\/\/frpadel.ro\/#website\"},\"primaryImageOfPage\":{\"@id\":\"https:\/\/frpadel.ro\/index.php\/2026\/01\/22\/padelistii-se-pregatesc-de-o-noua-provocare-circuitul-regional-padel-tour\/#primaryimage\"},\"image\":{\"@id\":\"https:\/\/frpadel.ro\/index.php\/2026\/01\/22\/padelistii-se-pregatesc-de-o-noua-provocare-circuitul-regional-padel-tour\/#primaryimage\"},\"thumbnailUrl\":\"https:\/\/frpadel.ro\/wp-content\/uploads\/2026\/01\/9074098spadel-scaled-1.jpg\",\"datePublished\":\"2026-01-22T19:58:41+00:00\",\"dateModified\":\"2026-01-22T19:59:20+00:00\",\"author\":{\"@id\":\"https:\/\/frpadel.ro\/#\/schema\/person\/6669a0f650ec513e558cafdf68d98036\"},\"breadcrumb\":{\"@id\":\"https:\/\/frpadel.ro\/index.php\/2026\/01\/22\/padelistii-se-pregatesc-de-o-noua-provocare-circuitul-regional-padel-tour\/#breadcrumb\"},\"inLanguage\":\"ro-RO\",\"potentialAction\":[{\"@type\":\"ReadAction\",\"target\":[\"https:\/\/frpadel.ro\/index.php\/2026\/01\/22\/padelistii-se-pregatesc-de-o-noua-provocare-circuitul-regional-padel-tour\/\"]}]},{\"@type\":\"ImageObject\",\"inLanguage\":\"ro-RO\",\"@id\":\"https:\/\/frpadel.ro\/index.php\/2026\/01\/22\/padelistii-se-pregatesc-de-o-noua-provocare-circuitul-regional-padel-tour\/#primaryimage\",\"url\":\"https:\/\/frpadel.ro\/wp-content\/uploads\/2026\/01\/9074098spadel-scaled-1.jpg\",\"contentUrl\":\"https:\/\/frpadel.ro\/wp-content\/uploads\/2026\/01\/9074098spadel-scaled-1.jpg\",\"width\":650,\"height\":435},{\"@type\":\"BreadcrumbList\",\"@id\":\"https:\/\/frpadel.ro\/index.php\/2026\/01\/22\/padelistii-se-pregatesc-de-o-noua-provocare-circuitul-regional-padel-tour\/#breadcrumb\",\"itemListElement\":[{\"@type\":\"ListItem\",\"position\":1,\"name\":\"Prima pagin\u0103\",\"item\":\"https:\/\/frpadel.ro\/\"},{\"@type\":\"ListItem\",\"position\":2,\"name\":\"\u201ePadeli\u0219tii\u201d se preg\u0103tesc de o nou\u0103 provocare: Circuitul Regional Padel Tour\"}]},{\"@type\":\"WebSite\",\"@id\":\"https:\/\/frpadel.ro\/#website\",\"url\":\"https:\/\/frpadel.ro\/\",\"name\":\"Federatia de Padel din Romania\",\"description\":\"Website-ul Federa\u021biei de Padel din Rom\u00e2nia\",\"potentialAction\":[{\"@type\":\"SearchAction\",\"target\":{\"@type\":\"EntryPoint\",\"urlTemplate\":\"https:\/\/frpadel.ro\/?s={search_term_string}\"},\"query-input\":{\"@type\":\"PropertyValueSpecification\",\"valueRequired\":true,\"valueName\":\"search_term_string\"}}],\"inLanguage\":\"ro-RO\"},{\"@type\":\"Person\",\"@id\":\"https:\/\/frpadel.ro\/#\/schema\/person\/6669a0f650ec513e558cafdf68d98036\",\"name\":\"Federatia de Padel\",\"image\":{\"@type\":\"ImageObject\",\"inLanguage\":\"ro-RO\",\"@id\":\"https:\/\/frpadel.ro\/#\/schema\/person\/image\/\",\"url\":\"https:\/\/secure.gravatar.com\/avatar\/2984a1ce75944179eebd7c4148370b6fb63c0230e0a2bbc6f2d9a02192bde491?s=96&d=mm&r=g\",\"contentUrl\":\"https:\/\/secure.gravatar.com\/avatar\/2984a1ce75944179eebd7c4148370b6fb63c0230e0a2bbc6f2d9a02192bde491?s=96&d=mm&r=g\",\"caption\":\"Federatia de Padel\"},\"sameAs\":[\"https:\/\/frpadel.ro\"],\"url\":\"https:\/\/frpadel.ro\/index.php\/author\/admin_p93hpmer\/\"}]}<\/script>\n<!-- \/ Yoast SEO Premium plugin. -->","yoast_head_json":{"title":"\u201ePadeli\u0219tii\u201d se preg\u0103tesc de o nou\u0103 provocare: Circuitul Regional Padel Tour - Federatia de Padel din Romania","robots":{"index":"index","follow":"follow","max-snippet":"max-snippet:-1","max-image-preview":"max-image-preview:large","max-video-preview":"max-video-preview:-1"},"canonical":"https:\/\/frpadel.ro\/index.php\/2026\/01\/22\/padelistii-se-pregatesc-de-o-noua-provocare-circuitul-regional-padel-tour\/","og_locale":"ro_RO","og_type":"article","og_title":"\u201ePadeli\u0219tii\u201d se preg\u0103tesc de o nou\u0103 provocare: Circuitul Regional Padel Tour","og_description":"[vc_row][vc_column][vc_column_text css=&#8221;&#8221;]Padel Arena Oradea este gata s\u0103 g\u0103zduiasc\u0103 prima etap\u0103 din Circuitul Regional Padel Tour, programat\u0103 \u00een perioada 31 ianuarie \u2013 1 februarie. Organizatorii \u00ee\u0219i doresc o rund\u0103 inaugural\u0103 de succes, care s\u0103 promoveze \u00eendr\u0103gitul sport, care s-a dezvoltat foarte mult \u00een ultimii ani \u00een Oradea \u0219i Rom\u00e2nia. La prima etap\u0103 se va concura la...","og_url":"https:\/\/frpadel.ro\/index.php\/2026\/01\/22\/padelistii-se-pregatesc-de-o-noua-provocare-circuitul-regional-padel-tour\/","og_site_name":"Federatia de Padel din Romania","article_published_time":"2026-01-22T19:58:41+00:00","article_modified_time":"2026-01-22T19:59:20+00:00","og_image":[{"width":650,"height":435,"url":"https:\/\/frpadel.ro\/wp-content\/uploads\/2026\/01\/9074098spadel-scaled-1.jpg","type":"image\/jpeg"}],"author":"Federatia de Padel","twitter_card":"summary_large_image","twitter_misc":{"Scris de":"Federatia de Padel","Timp estimat pentru citire":"1 minut"},"schema":{"@context":"https:\/\/schema.org","@graph":[{"@type":"WebPage","@id":"https:\/\/frpadel.ro\/index.php\/2026\/01\/22\/padelistii-se-pregatesc-de-o-noua-provocare-circuitul-regional-padel-tour\/","url":"https:\/\/frpadel.ro\/index.php\/2026\/01\/22\/padelistii-se-pregatesc-de-o-noua-provocare-circuitul-regional-padel-tour\/","name":"\u201ePadeli\u0219tii\u201d se preg\u0103tesc de o nou\u0103 provocare: Circuitul Regional Padel Tour - Federatia de Padel din Romania","isPartOf":{"@id":"https:\/\/frpadel.ro\/#website"},"primaryImageOfPage":{"@id":"https:\/\/frpadel.ro\/index.php\/2026\/01\/22\/padelistii-se-pregatesc-de-o-noua-provocare-circuitul-regional-padel-tour\/#primaryimage"},"image":{"@id":"https:\/\/frpadel.ro\/index.php\/2026\/01\/22\/padelistii-se-pregatesc-de-o-noua-provocare-circuitul-regional-padel-tour\/#primaryimage"},"thumbnailUrl":"https:\/\/frpadel.ro\/wp-content\/uploads\/2026\/01\/9074098spadel-scaled-1.jpg","datePublished":"2026-01-22T19:58:41+00:00","dateModified":"2026-01-22T19:59:20+00:00","author":{"@id":"https:\/\/frpadel.ro\/#\/schema\/person\/6669a0f650ec513e558cafdf68d98036"},"breadcrumb":{"@id":"https:\/\/frpadel.ro\/index.php\/2026\/01\/22\/padelistii-se-pregatesc-de-o-noua-provocare-circuitul-regional-padel-tour\/#breadcrumb"},"inLanguage":"ro-RO","potentialAction":[{"@type":"ReadAction","target":["https:\/\/frpadel.ro\/index.php\/2026\/01\/22\/padelistii-se-pregatesc-de-o-noua-provocare-circuitul-regional-padel-tour\/"]}]},{"@type":"ImageObject","inLanguage":"ro-RO","@id":"https:\/\/frpadel.ro\/index.php\/2026\/01\/22\/padelistii-se-pregatesc-de-o-noua-provocare-circuitul-regional-padel-tour\/#primaryimage","url":"https:\/\/frpadel.ro\/wp-content\/uploads\/2026\/01\/9074098spadel-scaled-1.jpg","contentUrl":"https:\/\/frpadel.ro\/wp-content\/uploads\/2026\/01\/9074098spadel-scaled-1.jpg","width":650,"height":435},{"@type":"BreadcrumbList","@id":"https:\/\/frpadel.ro\/index.php\/2026\/01\/22\/padelistii-se-pregatesc-de-o-noua-provocare-circuitul-regional-padel-tour\/#breadcrumb","itemListElement":[{"@type":"ListItem","position":1,"name":"Prima pagin\u0103","item":"https:\/\/frpadel.ro\/"},{"@type":"ListItem","position":2,"name":"\u201ePadeli\u0219tii\u201d se preg\u0103tesc de o nou\u0103 provocare: Circuitul Regional Padel Tour"}]},{"@type":"WebSite","@id":"https:\/\/frpadel.ro\/#website","url":"https:\/\/frpadel.ro\/","name":"Federatia de Padel din Romania","description":"Website-ul Federa\u021biei de Padel din Rom\u00e2nia","potentialAction":[{"@type":"SearchAction","target":{"@type":"EntryPoint","urlTemplate":"https:\/\/frpadel.ro\/?s={search_term_string}"},"query-input":{"@type":"PropertyValueSpecification","valueRequired":true,"valueName":"search_term_string"}}],"inLanguage":"ro-RO"},{"@type":"Person","@id":"https:\/\/frpadel.ro\/#\/schema\/person\/6669a0f650ec513e558cafdf68d98036","name":"Federatia de Padel","image":{"@type":"ImageObject","inLanguage":"ro-RO","@id":"https:\/\/frpadel.ro\/#\/schema\/person\/image\/","url":"https:\/\/secure.gravatar.com\/avatar\/2984a1ce75944179eebd7c4148370b6fb63c0230e0a2bbc6f2d9a02192bde491?s=96&d=mm&r=g","contentUrl":"https:\/\/secure.gravatar.com\/avatar\/2984a1ce75944179eebd7c4148370b6fb63c0230e0a2bbc6f2d9a02192bde491?s=96&d=mm&r=g","caption":"Federatia de Padel"},"sameAs":["https:\/\/frpadel.ro"],"url":"https:\/\/frpadel.ro\/index.php\/author\/admin_p93hpmer\/"}]}},"_links":{"self":[{"href":"https:\/\/frpadel.ro\/index.php\/wp-json\/wp\/v2\/posts\/3715","targetHints":{"allow":["GET"]}}],"collection":[{"href":"https:\/\/frpadel.ro\/index.php\/wp-json\/wp\/v2\/posts"}],"about":[{"href":"https:\/\/frpadel.ro\/index.php\/wp-json\/wp\/v2\/types\/post"}],"author":[{"embeddable":true,"href":"https:\/\/frpadel.ro\/index.php\/wp-json\/wp\/v2\/users\/1"}],"replies":[{"embeddable":true,"href":"https:\/\/frpadel.ro\/index.php\/wp-json\/wp\/v2\/comments?post=3715"}],"version-history":[{"count":3,"href":"https:\/\/frpadel.ro\/index.php\/wp-json\/wp\/v2\/posts\/3715\/revisions"}],"predecessor-version":[{"id":3720,"href":"https:\/\/frpadel.ro\/index.php\/wp-json\/wp\/v2\/posts\/3715\/revisions\/3720"}],"wp:featuredmedia":[{"embeddable":true,"href":"https:\/\/frpadel.ro\/index.php\/wp-json\/wp\/v2\/media\/3716"}],"wp:attachment":[{"href":"https:\/\/frpadel.ro\/index.php\/wp-json\/wp\/v2\/media?parent=3715"}],"wp:term":[{"taxonomy":"category","embeddable":true,"href":"https:\/\/frpadel.ro\/index.php\/wp-json\/wp\/v2\/categories?post=3715"},{"taxonomy":"post_tag","embeddable":true,"href":"https:\/\/frpadel.ro\/index.php\/wp-json\/wp\/v2\/tags?post=3715"}],"curies":[{"name":"wp","href":"https:\/\/api.w.org\/{rel}","templated":true}]}}