{"id":2598,"date":"2025-12-11T17:41:48","date_gmt":"2025-12-11T15:41:48","guid":{"rendered":"https:\/\/frpadel.ro\/?p=2598"},"modified":"2025-12-11T17:41:48","modified_gmt":"2025-12-11T15:41:48","slug":"federatia-de-padel-din-romania-invita-cluburile-romanesti-la-international-padel-clubs-cup-2026-editia-de-10-ani","status":"publish","type":"post","link":"https:\/\/frpadel.ro\/index.php\/2025\/12\/11\/federatia-de-padel-din-romania-invita-cluburile-romanesti-la-international-padel-clubs-cup-2026-editia-de-10-ani\/","title":{"rendered":"Federa\u021bia de Padel din Rom\u00e2nia invit\u0103 cluburile rom\u00e2ne\u0219ti la International Padel Clubs\u2019 Cup 2026 \u2013 Edi\u021bia de 10 ani"},"content":{"rendered":"<div class=\"wpb-content-wrapper\"><p>[vc_row][vc_column][vc_column_text css=&#8221;&#8221;]<\/p>\n<p data-start=\"2117\" data-end=\"2432\">Federa\u021bia de Padel din Rom\u00e2nia anun\u021b\u0103 cu bucurie deschiderea \u00eenscrierilor pentru <strong data-start=\"2198\" data-end=\"2244\">International Padel Clubs\u2019 Cup 2026 (CICP)<\/strong>, o edi\u021bie aniversar\u0103 care marcheaz\u0103 10 ani de la \u00eenfiin\u021barea competi\u021biei. Evenimentul se va desf\u0103\u0219ura \u00eentre <strong data-start=\"2353\" data-end=\"2376\">8\u201311 octombrie 2026<\/strong>, \u00een <strong data-start=\"2381\" data-end=\"2431\">Alhaur\u00edn de la Torre, Provincia Malaga, Spania<\/strong>.<\/p>\n<h3 data-start=\"2434\" data-end=\"2463\">\ud83d\udd39 Formatul competi\u021biei<\/h3>\n<p data-start=\"2464\" data-end=\"2524\">Fiecare club, companie sau grup de prieteni poate \u00eenscrie:<\/p>\n<ul data-start=\"2525\" data-end=\"2581\">\n<li data-start=\"2525\" data-end=\"2553\">\n<p data-start=\"2527\" data-end=\"2553\"><strong data-start=\"2527\" data-end=\"2551\">4 juc\u0103tori (b\u0103rba\u021bi)<\/strong><\/p>\n<\/li>\n<li data-start=\"2554\" data-end=\"2581\">\n<p data-start=\"2556\" data-end=\"2581\"><strong data-start=\"2556\" data-end=\"2579\">2 juc\u0103toare (femei)<\/strong><\/p>\n<\/li>\n<\/ul>\n<p data-start=\"2583\" data-end=\"2635\">Num\u0103rul total al selec\u021biilor este limitat la <strong data-start=\"2628\" data-end=\"2634\">24<\/strong>.<\/p>\n<h3 data-start=\"2637\" data-end=\"2684\">\ud83d\udd39 Avantaje speciale \u00een edi\u021bia aniversar\u0103<\/h3>\n<ul data-start=\"2685\" data-end=\"2941\">\n<li data-start=\"2685\" data-end=\"2752\">\n<p data-start=\"2687\" data-end=\"2752\"><strong data-start=\"2687\" data-end=\"2713\">Cluburile c\u00e2\u0219tig\u0103toare<\/strong> beneficiaz\u0103 de numeroase facilit\u0103\u021bi.<\/p>\n<\/li>\n<li data-start=\"2753\" data-end=\"2830\">\n<p data-start=\"2755\" data-end=\"2830\"><strong data-start=\"2755\" data-end=\"2791\">Cluburile participante \u00een trecut<\/strong> sunt scutite de taxe administrative.<\/p>\n<\/li>\n<li data-start=\"2831\" data-end=\"2941\">\n<p data-start=\"2833\" data-end=\"2941\"><strong data-start=\"2833\" data-end=\"2850\">Cluburile noi<\/strong> primesc toate avantajele unui turneu organizat la standarde profesioniste, sub egida AECP.<\/p>\n<\/li>\n<\/ul>\n<h3 data-start=\"2943\" data-end=\"2991\">\ud83d\udd39 Programul oficial (8\u201311 octombrie 2026)<\/h3>\n<p data-start=\"2992\" data-end=\"3014\">Evenimentul include:<\/p>\n<ul data-start=\"3015\" data-end=\"3518\">\n<li data-start=\"3015\" data-end=\"3046\">\n<p data-start=\"3017\" data-end=\"3046\">Antrenamente pe 11 terenuri<\/p>\n<\/li>\n<li data-start=\"3047\" data-end=\"3095\">\n<p data-start=\"3049\" data-end=\"3095\">Check-in oficial la Hilton Garden Inn M\u00e1laga<\/p>\n<\/li>\n<li data-start=\"3096\" data-end=\"3148\">\n<p data-start=\"3098\" data-end=\"3148\">\u0218edin\u021ba c\u0103pitanilor \u0219i distribuirea badge-urilor<\/p>\n<\/li>\n<li data-start=\"3149\" data-end=\"3205\">\n<p data-start=\"3151\" data-end=\"3205\"><em data-start=\"3151\" data-end=\"3168\">Welcome Evening<\/em> cu cocktail, cin\u0103 \u0219i entertainment<\/p>\n<\/li>\n<li data-start=\"3206\" data-end=\"3261\">\n<p data-start=\"3208\" data-end=\"3261\">Meciuri transmise live, reportaje \u0219i media coverage<\/p>\n<\/li>\n<li data-start=\"3262\" data-end=\"3348\">\n<p data-start=\"3264\" data-end=\"3348\">Servicii medicale acoperite de organizatori (osteopa\u021bi, fizioterapeu\u021bi, asistente)<\/p>\n<\/li>\n<li data-start=\"3349\" data-end=\"3416\">\n<p data-start=\"3351\" data-end=\"3416\">Ceremonie de deschidere, parad\u0103 a cluburilor \u0219i seri aniversare<\/p>\n<\/li>\n<li data-start=\"3417\" data-end=\"3451\">\n<p data-start=\"3419\" data-end=\"3451\">Meciuri Gold \u2013 Silver \u2013 Bronze<\/p>\n<\/li>\n<li data-start=\"3452\" data-end=\"3518\">\n<p data-start=\"3454\" data-end=\"3518\">Finale, festivitate oficial\u0103 de premiere \u0219i <em data-start=\"3498\" data-end=\"3518\">Giant Paella Party<\/em><\/p>\n<\/li>\n<\/ul>\n<h3 data-start=\"3520\" data-end=\"3545\">\ud83d\udd39 Servicii incluse<\/h3>\n<ul data-start=\"3546\" data-end=\"3681\">\n<li data-start=\"3546\" data-end=\"3586\">\n<p data-start=\"3548\" data-end=\"3586\">Arbitraj, mingi noi, b\u0103uturi, fructe<\/p>\n<\/li>\n<li data-start=\"3587\" data-end=\"3625\">\n<p data-start=\"3589\" data-end=\"3625\">Kituri oficiale, trofee \u0219i medalii<\/p>\n<\/li>\n<li data-start=\"3626\" data-end=\"3681\">\n<p data-start=\"3628\" data-end=\"3681\">Photo studio, pachete de bun venit \u0219i materiale media<\/p>\n<\/li>\n<\/ul>\n<h3 data-start=\"3683\" data-end=\"3701\">\ud83d\udd17 \u00censcrieri<\/h3>\n<p data-start=\"3702\" data-end=\"3813\">Cluburile interesate pot g\u0103si detalii complete \u0219i formularul oficial de participare pe:<br data-start=\"3789\" data-end=\"3792\" \/><strong data-start=\"3792\" data-end=\"3813\"><a class=\"decorated-link cursor-pointer\" target=\"_new\" rel=\"noopener\" data-start=\"3794\" data-end=\"3811\">www.aecp-padel.eu<\/a><\/strong><\/p>\n<p>[\/vc_column_text][\/vc_column][\/vc_row]<\/p>\n<\/div>","protected":false},"excerpt":{"rendered":"<p>Federa\u021bia de Padel din Rom\u00e2nia anun\u021b\u0103 cu bucurie deschiderea \u00eenscrierilor pentru International Padel Clubs\u2019 Cup 2026 (CICP), o edi\u021bie aniversar\u0103 care marcheaz\u0103 10 ani de la \u00eenfiin\u021barea competi\u021biei. Evenimentul se va desf\u0103\u0219ura \u00eentre 8\u201311 octombrie 2026, \u00een Alhaur\u00edn de la Torre, Provincia Malaga, Spania.<\/p>\n","protected":false},"author":1,"featured_media":2599,"comment_status":"open","ping_status":"open","sticky":false,"template":"","format":"standard","meta":{"_acf_changed":false,"footnotes":""},"categories":[88],"tags":[],"class_list":["post-2598","post","type-post","status-publish","format-standard","has-post-thumbnail","hentry","category-competitii"],"acf":[],"yoast_head":"<!-- This site is optimized with the Yoast SEO Premium plugin v26.0 (Yoast SEO v26.0) - https:\/\/yoast.com\/wordpress\/plugins\/seo\/ -->\n<title>Federa\u021bia de Padel din Rom\u00e2nia invit\u0103 cluburile rom\u00e2ne\u0219ti la International Padel Clubs\u2019 Cup 2026 \u2013 Edi\u021bia de 10 ani - Federatia de Padel din Romania<\/title>\n<meta name=\"robots\" content=\"index, follow, max-snippet:-1, max-image-preview:large, max-video-preview:-1\" \/>\n<link rel=\"canonical\" href=\"https:\/\/frpadel.ro\/index.php\/2025\/12\/11\/federatia-de-padel-din-romania-invita-cluburile-romanesti-la-international-padel-clubs-cup-2026-editia-de-10-ani\/\" \/>\n<meta property=\"og:locale\" content=\"ro_RO\" \/>\n<meta property=\"og:type\" content=\"article\" \/>\n<meta property=\"og:title\" content=\"Federa\u021bia de Padel din Rom\u00e2nia invit\u0103 cluburile rom\u00e2ne\u0219ti la International Padel Clubs\u2019 Cup 2026 \u2013 Edi\u021bia de 10 ani\" \/>\n<meta property=\"og:description\" content=\"Federa\u021bia de Padel din Rom\u00e2nia anun\u021b\u0103 cu bucurie deschiderea \u00eenscrierilor pentru International Padel Clubs\u2019 Cup 2026 (CICP), o edi\u021bie aniversar\u0103 care marcheaz\u0103 10 ani de la \u00eenfiin\u021barea competi\u021biei. Evenimentul se va desf\u0103\u0219ura \u00eentre 8\u201311 octombrie 2026, \u00een Alhaur\u00edn de la Torre, Provincia Malaga, Spania.\" \/>\n<meta property=\"og:url\" content=\"https:\/\/frpadel.ro\/index.php\/2025\/12\/11\/federatia-de-padel-din-romania-invita-cluburile-romanesti-la-international-padel-clubs-cup-2026-editia-de-10-ani\/\" \/>\n<meta property=\"og:site_name\" content=\"Federatia de Padel din Romania\" \/>\n<meta property=\"article:published_time\" content=\"2025-12-11T15:41:48+00:00\" \/>\n<meta property=\"og:image\" content=\"https:\/\/frpadel.ro\/wp-content\/uploads\/2025\/12\/Communique3.png\" \/>\n\t<meta property=\"og:image:width\" content=\"1191\" \/>\n\t<meta property=\"og:image:height\" content=\"842\" \/>\n\t<meta property=\"og:image:type\" content=\"image\/png\" \/>\n<meta name=\"author\" content=\"Federatia de Padel\" \/>\n<meta name=\"twitter:card\" content=\"summary_large_image\" \/>\n<meta name=\"twitter:label1\" content=\"Scris de\" \/>\n\t<meta name=\"twitter:data1\" content=\"Federatia de Padel\" \/>\n\t<meta name=\"twitter:label2\" content=\"Timp estimat pentru citire\" \/>\n\t<meta name=\"twitter:data2\" content=\"1 minut\" \/>\n<script type=\"application\/ld+json\" class=\"yoast-schema-graph\">{\"@context\":\"https:\/\/schema.org\",\"@graph\":[{\"@type\":\"WebPage\",\"@id\":\"https:\/\/frpadel.ro\/index.php\/2025\/12\/11\/federatia-de-padel-din-romania-invita-cluburile-romanesti-la-international-padel-clubs-cup-2026-editia-de-10-ani\/\",\"url\":\"https:\/\/frpadel.ro\/index.php\/2025\/12\/11\/federatia-de-padel-din-romania-invita-cluburile-romanesti-la-international-padel-clubs-cup-2026-editia-de-10-ani\/\",\"name\":\"Federa\u021bia de Padel din Rom\u00e2nia invit\u0103 cluburile rom\u00e2ne\u0219ti la International Padel Clubs\u2019 Cup 2026 \u2013 Edi\u021bia de 10 ani - Federatia de Padel din Romania\",\"isPartOf\":{\"@id\":\"https:\/\/frpadel.ro\/#website\"},\"primaryImageOfPage\":{\"@id\":\"https:\/\/frpadel.ro\/index.php\/2025\/12\/11\/federatia-de-padel-din-romania-invita-cluburile-romanesti-la-international-padel-clubs-cup-2026-editia-de-10-ani\/#primaryimage\"},\"image\":{\"@id\":\"https:\/\/frpadel.ro\/index.php\/2025\/12\/11\/federatia-de-padel-din-romania-invita-cluburile-romanesti-la-international-padel-clubs-cup-2026-editia-de-10-ani\/#primaryimage\"},\"thumbnailUrl\":\"https:\/\/frpadel.ro\/wp-content\/uploads\/2025\/12\/Communique3.png\",\"datePublished\":\"2025-12-11T15:41:48+00:00\",\"author\":{\"@id\":\"https:\/\/frpadel.ro\/#\/schema\/person\/6669a0f650ec513e558cafdf68d98036\"},\"breadcrumb\":{\"@id\":\"https:\/\/frpadel.ro\/index.php\/2025\/12\/11\/federatia-de-padel-din-romania-invita-cluburile-romanesti-la-international-padel-clubs-cup-2026-editia-de-10-ani\/#breadcrumb\"},\"inLanguage\":\"ro-RO\",\"potentialAction\":[{\"@type\":\"ReadAction\",\"target\":[\"https:\/\/frpadel.ro\/index.php\/2025\/12\/11\/federatia-de-padel-din-romania-invita-cluburile-romanesti-la-international-padel-clubs-cup-2026-editia-de-10-ani\/\"]}]},{\"@type\":\"ImageObject\",\"inLanguage\":\"ro-RO\",\"@id\":\"https:\/\/frpadel.ro\/index.php\/2025\/12\/11\/federatia-de-padel-din-romania-invita-cluburile-romanesti-la-international-padel-clubs-cup-2026-editia-de-10-ani\/#primaryimage\",\"url\":\"https:\/\/frpadel.ro\/wp-content\/uploads\/2025\/12\/Communique3.png\",\"contentUrl\":\"https:\/\/frpadel.ro\/wp-content\/uploads\/2025\/12\/Communique3.png\",\"width\":1191,\"height\":842},{\"@type\":\"BreadcrumbList\",\"@id\":\"https:\/\/frpadel.ro\/index.php\/2025\/12\/11\/federatia-de-padel-din-romania-invita-cluburile-romanesti-la-international-padel-clubs-cup-2026-editia-de-10-ani\/#breadcrumb\",\"itemListElement\":[{\"@type\":\"ListItem\",\"position\":1,\"name\":\"Prima pagin\u0103\",\"item\":\"https:\/\/frpadel.ro\/\"},{\"@type\":\"ListItem\",\"position\":2,\"name\":\"Federa\u021bia de Padel din Rom\u00e2nia invit\u0103 cluburile rom\u00e2ne\u0219ti la International Padel Clubs\u2019 Cup 2026 \u2013 Edi\u021bia de 10 ani\"}]},{\"@type\":\"WebSite\",\"@id\":\"https:\/\/frpadel.ro\/#website\",\"url\":\"https:\/\/frpadel.ro\/\",\"name\":\"Federatia de Padel din Romania\",\"description\":\"Website-ul Federa\u021biei de Padel din Rom\u00e2nia\",\"potentialAction\":[{\"@type\":\"SearchAction\",\"target\":{\"@type\":\"EntryPoint\",\"urlTemplate\":\"https:\/\/frpadel.ro\/?s={search_term_string}\"},\"query-input\":{\"@type\":\"PropertyValueSpecification\",\"valueRequired\":true,\"valueName\":\"search_term_string\"}}],\"inLanguage\":\"ro-RO\"},{\"@type\":\"Person\",\"@id\":\"https:\/\/frpadel.ro\/#\/schema\/person\/6669a0f650ec513e558cafdf68d98036\",\"name\":\"Federatia de Padel\",\"image\":{\"@type\":\"ImageObject\",\"inLanguage\":\"ro-RO\",\"@id\":\"https:\/\/frpadel.ro\/#\/schema\/person\/image\/\",\"url\":\"https:\/\/secure.gravatar.com\/avatar\/2984a1ce75944179eebd7c4148370b6fb63c0230e0a2bbc6f2d9a02192bde491?s=96&d=mm&r=g\",\"contentUrl\":\"https:\/\/secure.gravatar.com\/avatar\/2984a1ce75944179eebd7c4148370b6fb63c0230e0a2bbc6f2d9a02192bde491?s=96&d=mm&r=g\",\"caption\":\"Federatia de Padel\"},\"sameAs\":[\"https:\/\/frpadel.ro\"],\"url\":\"https:\/\/frpadel.ro\/index.php\/author\/admin_p93hpmer\/\"}]}<\/script>\n<!-- \/ Yoast SEO Premium plugin. -->","yoast_head_json":{"title":"Federa\u021bia de Padel din Rom\u00e2nia invit\u0103 cluburile rom\u00e2ne\u0219ti la International Padel Clubs\u2019 Cup 2026 \u2013 Edi\u021bia de 10 ani - Federatia de Padel din Romania","robots":{"index":"index","follow":"follow","max-snippet":"max-snippet:-1","max-image-preview":"max-image-preview:large","max-video-preview":"max-video-preview:-1"},"canonical":"https:\/\/frpadel.ro\/index.php\/2025\/12\/11\/federatia-de-padel-din-romania-invita-cluburile-romanesti-la-international-padel-clubs-cup-2026-editia-de-10-ani\/","og_locale":"ro_RO","og_type":"article","og_title":"Federa\u021bia de Padel din Rom\u00e2nia invit\u0103 cluburile rom\u00e2ne\u0219ti la International Padel Clubs\u2019 Cup 2026 \u2013 Edi\u021bia de 10 ani","og_description":"Federa\u021bia de Padel din Rom\u00e2nia anun\u021b\u0103 cu bucurie deschiderea \u00eenscrierilor pentru International Padel Clubs\u2019 Cup 2026 (CICP), o edi\u021bie aniversar\u0103 care marcheaz\u0103 10 ani de la \u00eenfiin\u021barea competi\u021biei. Evenimentul se va desf\u0103\u0219ura \u00eentre 8\u201311 octombrie 2026, \u00een Alhaur\u00edn de la Torre, Provincia Malaga, Spania.","og_url":"https:\/\/frpadel.ro\/index.php\/2025\/12\/11\/federatia-de-padel-din-romania-invita-cluburile-romanesti-la-international-padel-clubs-cup-2026-editia-de-10-ani\/","og_site_name":"Federatia de Padel din Romania","article_published_time":"2025-12-11T15:41:48+00:00","og_image":[{"width":1191,"height":842,"url":"https:\/\/frpadel.ro\/wp-content\/uploads\/2025\/12\/Communique3.png","type":"image\/png"}],"author":"Federatia de Padel","twitter_card":"summary_large_image","twitter_misc":{"Scris de":"Federatia de Padel","Timp estimat pentru citire":"1 minut"},"schema":{"@context":"https:\/\/schema.org","@graph":[{"@type":"WebPage","@id":"https:\/\/frpadel.ro\/index.php\/2025\/12\/11\/federatia-de-padel-din-romania-invita-cluburile-romanesti-la-international-padel-clubs-cup-2026-editia-de-10-ani\/","url":"https:\/\/frpadel.ro\/index.php\/2025\/12\/11\/federatia-de-padel-din-romania-invita-cluburile-romanesti-la-international-padel-clubs-cup-2026-editia-de-10-ani\/","name":"Federa\u021bia de Padel din Rom\u00e2nia invit\u0103 cluburile rom\u00e2ne\u0219ti la International Padel Clubs\u2019 Cup 2026 \u2013 Edi\u021bia de 10 ani - Federatia de Padel din Romania","isPartOf":{"@id":"https:\/\/frpadel.ro\/#website"},"primaryImageOfPage":{"@id":"https:\/\/frpadel.ro\/index.php\/2025\/12\/11\/federatia-de-padel-din-romania-invita-cluburile-romanesti-la-international-padel-clubs-cup-2026-editia-de-10-ani\/#primaryimage"},"image":{"@id":"https:\/\/frpadel.ro\/index.php\/2025\/12\/11\/federatia-de-padel-din-romania-invita-cluburile-romanesti-la-international-padel-clubs-cup-2026-editia-de-10-ani\/#primaryimage"},"thumbnailUrl":"https:\/\/frpadel.ro\/wp-content\/uploads\/2025\/12\/Communique3.png","datePublished":"2025-12-11T15:41:48+00:00","author":{"@id":"https:\/\/frpadel.ro\/#\/schema\/person\/6669a0f650ec513e558cafdf68d98036"},"breadcrumb":{"@id":"https:\/\/frpadel.ro\/index.php\/2025\/12\/11\/federatia-de-padel-din-romania-invita-cluburile-romanesti-la-international-padel-clubs-cup-2026-editia-de-10-ani\/#breadcrumb"},"inLanguage":"ro-RO","potentialAction":[{"@type":"ReadAction","target":["https:\/\/frpadel.ro\/index.php\/2025\/12\/11\/federatia-de-padel-din-romania-invita-cluburile-romanesti-la-international-padel-clubs-cup-2026-editia-de-10-ani\/"]}]},{"@type":"ImageObject","inLanguage":"ro-RO","@id":"https:\/\/frpadel.ro\/index.php\/2025\/12\/11\/federatia-de-padel-din-romania-invita-cluburile-romanesti-la-international-padel-clubs-cup-2026-editia-de-10-ani\/#primaryimage","url":"https:\/\/frpadel.ro\/wp-content\/uploads\/2025\/12\/Communique3.png","contentUrl":"https:\/\/frpadel.ro\/wp-content\/uploads\/2025\/12\/Communique3.png","width":1191,"height":842},{"@type":"BreadcrumbList","@id":"https:\/\/frpadel.ro\/index.php\/2025\/12\/11\/federatia-de-padel-din-romania-invita-cluburile-romanesti-la-international-padel-clubs-cup-2026-editia-de-10-ani\/#breadcrumb","itemListElement":[{"@type":"ListItem","position":1,"name":"Prima pagin\u0103","item":"https:\/\/frpadel.ro\/"},{"@type":"ListItem","position":2,"name":"Federa\u021bia de Padel din Rom\u00e2nia invit\u0103 cluburile rom\u00e2ne\u0219ti la International Padel Clubs\u2019 Cup 2026 \u2013 Edi\u021bia de 10 ani"}]},{"@type":"WebSite","@id":"https:\/\/frpadel.ro\/#website","url":"https:\/\/frpadel.ro\/","name":"Federatia de Padel din Romania","description":"Website-ul Federa\u021biei de Padel din Rom\u00e2nia","potentialAction":[{"@type":"SearchAction","target":{"@type":"EntryPoint","urlTemplate":"https:\/\/frpadel.ro\/?s={search_term_string}"},"query-input":{"@type":"PropertyValueSpecification","valueRequired":true,"valueName":"search_term_string"}}],"inLanguage":"ro-RO"},{"@type":"Person","@id":"https:\/\/frpadel.ro\/#\/schema\/person\/6669a0f650ec513e558cafdf68d98036","name":"Federatia de Padel","image":{"@type":"ImageObject","inLanguage":"ro-RO","@id":"https:\/\/frpadel.ro\/#\/schema\/person\/image\/","url":"https:\/\/secure.gravatar.com\/avatar\/2984a1ce75944179eebd7c4148370b6fb63c0230e0a2bbc6f2d9a02192bde491?s=96&d=mm&r=g","contentUrl":"https:\/\/secure.gravatar.com\/avatar\/2984a1ce75944179eebd7c4148370b6fb63c0230e0a2bbc6f2d9a02192bde491?s=96&d=mm&r=g","caption":"Federatia de Padel"},"sameAs":["https:\/\/frpadel.ro"],"url":"https:\/\/frpadel.ro\/index.php\/author\/admin_p93hpmer\/"}]}},"_links":{"self":[{"href":"https:\/\/frpadel.ro\/index.php\/wp-json\/wp\/v2\/posts\/2598","targetHints":{"allow":["GET"]}}],"collection":[{"href":"https:\/\/frpadel.ro\/index.php\/wp-json\/wp\/v2\/posts"}],"about":[{"href":"https:\/\/frpadel.ro\/index.php\/wp-json\/wp\/v2\/types\/post"}],"author":[{"embeddable":true,"href":"https:\/\/frpadel.ro\/index.php\/wp-json\/wp\/v2\/users\/1"}],"replies":[{"embeddable":true,"href":"https:\/\/frpadel.ro\/index.php\/wp-json\/wp\/v2\/comments?post=2598"}],"version-history":[{"count":2,"href":"https:\/\/frpadel.ro\/index.php\/wp-json\/wp\/v2\/posts\/2598\/revisions"}],"predecessor-version":[{"id":2601,"href":"https:\/\/frpadel.ro\/index.php\/wp-json\/wp\/v2\/posts\/2598\/revisions\/2601"}],"wp:featuredmedia":[{"embeddable":true,"href":"https:\/\/frpadel.ro\/index.php\/wp-json\/wp\/v2\/media\/2599"}],"wp:attachment":[{"href":"https:\/\/frpadel.ro\/index.php\/wp-json\/wp\/v2\/media?parent=2598"}],"wp:term":[{"taxonomy":"category","embeddable":true,"href":"https:\/\/frpadel.ro\/index.php\/wp-json\/wp\/v2\/categories?post=2598"},{"taxonomy":"post_tag","embeddable":true,"href":"https:\/\/frpadel.ro\/index.php\/wp-json\/wp\/v2\/tags?post=2598"}],"curies":[{"name":"wp","href":"https:\/\/api.w.org\/{rel}","templated":true}]}}