{"id":2587,"date":"2025-11-27T18:14:35","date_gmt":"2025-11-27T16:14:35","guid":{"rendered":"https:\/\/frpadel.ro\/?p=2587"},"modified":"2025-11-27T18:17:43","modified_gmt":"2025-11-27T16:17:43","slug":"cupa-romaniei-2025-finala-sezonului-de-padel-se-joaca-la-timisoara","status":"publish","type":"post","link":"https:\/\/frpadel.ro\/index.php\/2025\/11\/27\/cupa-romaniei-2025-finala-sezonului-de-padel-se-joaca-la-timisoara\/","title":{"rendered":"Cupa Rom\u00e2niei 2025 &#8211; Finala sezonului de padel se joac\u0103 la Timi\u0219oara! \ud83c\udfbe\ud83c\udfc6"},"content":{"rendered":"<div class=\"wpb-content-wrapper\"><p>[vc_row][vc_column][vc_column_text css=&#8221;&#8221;]<\/p>\n<p data-start=\"284\" data-end=\"557\">Finala sezonului 2025 al circuitului profesionist de padel se apropie cu pa\u0219i repezi \u2014 \u00eentre <strong data-start=\"377\" data-end=\"404\">12 \u0219i 14 decembrie 2025<\/strong>, la <span class=\"hover:entity-accent entity-underline inline cursor-pointer align-baseline\"><span class=\"whitespace-normal\">Padel Center<\/span><\/span> (Timi\u0219oara \/ Dumbr\u0103vi\u021ba) se va desf\u0103\u0219ura mult-a\u0219teptata Cup\u0103 a Rom\u00e2niei!<\/p>\n<p data-start=\"559\" data-end=\"762\">Cei mai buni juc\u0103tori \u0219i perechi din \u021bar\u0103 \u2014 calificati din fiecare divizie \u2014 se vor confrunta pentru titlul suprem \u0219i pentru un fond total de <strong data-start=\"701\" data-end=\"712\">5.500 \u20ac<\/strong> pus \u00een joc.<\/p>\n<h3 data-start=\"764\" data-end=\"788\">\ud83e\udd47 Divizii \u0219i premii<\/h3>\n<ul data-start=\"790\" data-end=\"1341\">\n<li data-start=\"790\" data-end=\"902\">\n<p data-start=\"792\" data-end=\"902\">Divizia 1 Masculin \u2014 locurile 1-3: <strong data-start=\"827\" data-end=\"862\">900 \u20ac, 800 \u20ac \u0219i 700 \u20ac \/ pereche<\/strong><\/p>\n<\/li>\n<li data-start=\"903\" data-end=\"1013\">\n<p data-start=\"905\" data-end=\"1013\">Divizia 2 Masculin \u2014 locurile 1-3: <strong data-start=\"940\" data-end=\"973\">600 \u20ac, 500 \u20ac, 400 \u20ac \/ pereche<\/strong><\/p>\n<\/li>\n<li data-start=\"1014\" data-end=\"1124\">\n<p data-start=\"1016\" data-end=\"1124\">Divizia 3 Masculin \u2014 locurile 1-3: <strong data-start=\"1051\" data-end=\"1084\">300 \u20ac, 200 \u20ac, 100 \u20ac \/ pereche<\/strong><\/p>\n<\/li>\n<li data-start=\"1125\" data-end=\"1234\">\n<p data-start=\"1127\" data-end=\"1234\">Divizia 1 Feminin \u2014 locurile 1-3: <strong data-start=\"1161\" data-end=\"1194\">300 \u20ac, 200 \u20ac, 100 \u20ac \/ pereche<\/strong><\/p>\n<\/li>\n<li data-start=\"1235\" data-end=\"1341\">\n<p data-start=\"1237\" data-end=\"1341\">Divizia 2 Feminin \u2014 locurile 1-3: <strong data-start=\"1271\" data-end=\"1303\">200 \u20ac, 100 \u20ac, 80 \u20ac \/ pereche<\/strong><\/p>\n<\/li>\n<\/ul>\n<p data-start=\"1343\" data-end=\"1517\">\u00cen total, un weekend intens, cu meciuri de \u00eenalt nivel, competi\u021bie acerb\u0103 \u0219i emo\u021bii \u2014 fix atmosfera pe care o merit\u0103 finala sezonului!<\/p>\n<h3 data-start=\"1519\" data-end=\"1574\">\ud83d\udce3 Invit\u0103m comunitatea s\u0103 vin\u0103 s\u0103 sus\u021bin\u0103 sportivii<\/h3>\n<p data-start=\"1576\" data-end=\"1883\">Dac\u0103 iube\u0219ti padelul sau pur \u0219i simplu vrei s\u0103 vezi meciuri de calitate \u2014 vino \u00eentre <strong data-start=\"1661\" data-end=\"1680\">12-14 decembrie<\/strong> la Padel Center Timi\u0219oara! Publicul este binevenit s\u0103 urm\u0103reasc\u0103 meciurile, s\u0103 sus\u021bin\u0103 perechile, s\u0103 tr\u0103iasc\u0103 energia competi\u021biei \u0219i s\u0103 celebreze \u00eempreun\u0103 finalul unui an plin pentru padelul na\u021bional.<\/p>\n<p data-start=\"1885\" data-end=\"1969\">Felicit\u0103ri tuturor califica\u021bilor &#8211; ne vedem pe teren pentru Cupa Rom\u00e2niei 2025! \ud83c\uddf7\ud83c\uddf4<\/p>\n<p>[\/vc_column_text][\/vc_column][\/vc_row][vc_row][vc_column][vc_gallery type=&#8221;flexslider_slide&#8221; interval=&#8221;3&#8243; images=&#8221;2590,2591,2592,2593,2594&#8243; img_size=&#8221;full&#8221; css=&#8221;&#8221;][\/vc_column][\/vc_row]<\/p>\n<\/div>","protected":false},"excerpt":{"rendered":"<p>[vc_row][vc_column][vc_column_text css=&#8221;&#8221;] Finala sezonului 2025 al circuitului profesionist de padel se apropie cu pa\u0219i repezi \u2014 \u00eentre 12 \u0219i 14 decembrie 2025, la Padel Center (Timi\u0219oara \/ Dumbr\u0103vi\u021ba) se va desf\u0103\u0219ura mult-a\u0219teptata Cup\u0103 a Rom\u00e2niei! Cei mai buni juc\u0103tori \u0219i perechi din \u021bar\u0103 \u2014 calificati din fiecare divizie \u2014 se vor confrunta pentru titlul suprem&#8230;<\/p>\n","protected":false},"author":1,"featured_media":2588,"comment_status":"open","ping_status":"open","sticky":false,"template":"","format":"standard","meta":{"_acf_changed":false,"footnotes":""},"categories":[88],"tags":[],"class_list":["post-2587","post","type-post","status-publish","format-standard","has-post-thumbnail","hentry","category-competitii"],"acf":[],"yoast_head":"<!-- This site is optimized with the Yoast SEO Premium plugin v26.0 (Yoast SEO v26.0) - https:\/\/yoast.com\/wordpress\/plugins\/seo\/ -->\n<title>Cupa Rom\u00e2niei 2025 - Finala sezonului de padel se joac\u0103 la Timi\u0219oara! \ud83c\udfbe\ud83c\udfc6 - Federatia de Padel din Romania<\/title>\n<meta name=\"robots\" content=\"index, follow, max-snippet:-1, max-image-preview:large, max-video-preview:-1\" \/>\n<link rel=\"canonical\" href=\"https:\/\/frpadel.ro\/index.php\/2025\/11\/27\/cupa-romaniei-2025-finala-sezonului-de-padel-se-joaca-la-timisoara\/\" \/>\n<meta property=\"og:locale\" content=\"ro_RO\" \/>\n<meta property=\"og:type\" content=\"article\" \/>\n<meta property=\"og:title\" content=\"Cupa Rom\u00e2niei 2025 - Finala sezonului de padel se joac\u0103 la Timi\u0219oara! \ud83c\udfbe\ud83c\udfc6\" \/>\n<meta property=\"og:description\" content=\"[vc_row][vc_column][vc_column_text css=&#8221;&#8221;] Finala sezonului 2025 al circuitului profesionist de padel se apropie cu pa\u0219i repezi \u2014 \u00eentre 12 \u0219i 14 decembrie 2025, la Padel Center (Timi\u0219oara \/ Dumbr\u0103vi\u021ba) se va desf\u0103\u0219ura mult-a\u0219teptata Cup\u0103 a Rom\u00e2niei! Cei mai buni juc\u0103tori \u0219i perechi din \u021bar\u0103 \u2014 calificati din fiecare divizie \u2014 se vor confrunta pentru titlul suprem...\" \/>\n<meta property=\"og:url\" content=\"https:\/\/frpadel.ro\/index.php\/2025\/11\/27\/cupa-romaniei-2025-finala-sezonului-de-padel-se-joaca-la-timisoara\/\" \/>\n<meta property=\"og:site_name\" content=\"Federatia de Padel din Romania\" \/>\n<meta property=\"article:published_time\" content=\"2025-11-27T16:14:35+00:00\" \/>\n<meta property=\"article:modified_time\" content=\"2025-11-27T16:17:43+00:00\" \/>\n<meta property=\"og:image\" content=\"https:\/\/frpadel.ro\/wp-content\/uploads\/2025\/11\/cupa-romaniei-v3-2-1.png\" \/>\n\t<meta property=\"og:image:width\" content=\"336\" \/>\n\t<meta property=\"og:image:height\" content=\"280\" \/>\n\t<meta property=\"og:image:type\" content=\"image\/png\" \/>\n<meta name=\"author\" content=\"Federatia de Padel\" \/>\n<meta name=\"twitter:card\" content=\"summary_large_image\" \/>\n<meta name=\"twitter:label1\" content=\"Scris de\" \/>\n\t<meta name=\"twitter:data1\" content=\"Federatia de Padel\" \/>\n\t<meta name=\"twitter:label2\" content=\"Timp estimat pentru citire\" \/>\n\t<meta name=\"twitter:data2\" content=\"1 minut\" \/>\n<script type=\"application\/ld+json\" class=\"yoast-schema-graph\">{\"@context\":\"https:\/\/schema.org\",\"@graph\":[{\"@type\":\"WebPage\",\"@id\":\"https:\/\/frpadel.ro\/index.php\/2025\/11\/27\/cupa-romaniei-2025-finala-sezonului-de-padel-se-joaca-la-timisoara\/\",\"url\":\"https:\/\/frpadel.ro\/index.php\/2025\/11\/27\/cupa-romaniei-2025-finala-sezonului-de-padel-se-joaca-la-timisoara\/\",\"name\":\"Cupa Rom\u00e2niei 2025 - Finala sezonului de padel se joac\u0103 la Timi\u0219oara! \ud83c\udfbe\ud83c\udfc6 - Federatia de Padel din Romania\",\"isPartOf\":{\"@id\":\"https:\/\/frpadel.ro\/#website\"},\"primaryImageOfPage\":{\"@id\":\"https:\/\/frpadel.ro\/index.php\/2025\/11\/27\/cupa-romaniei-2025-finala-sezonului-de-padel-se-joaca-la-timisoara\/#primaryimage\"},\"image\":{\"@id\":\"https:\/\/frpadel.ro\/index.php\/2025\/11\/27\/cupa-romaniei-2025-finala-sezonului-de-padel-se-joaca-la-timisoara\/#primaryimage\"},\"thumbnailUrl\":\"https:\/\/frpadel.ro\/wp-content\/uploads\/2025\/11\/cupa-romaniei-v3-2-1.png\",\"datePublished\":\"2025-11-27T16:14:35+00:00\",\"dateModified\":\"2025-11-27T16:17:43+00:00\",\"author\":{\"@id\":\"https:\/\/frpadel.ro\/#\/schema\/person\/6669a0f650ec513e558cafdf68d98036\"},\"breadcrumb\":{\"@id\":\"https:\/\/frpadel.ro\/index.php\/2025\/11\/27\/cupa-romaniei-2025-finala-sezonului-de-padel-se-joaca-la-timisoara\/#breadcrumb\"},\"inLanguage\":\"ro-RO\",\"potentialAction\":[{\"@type\":\"ReadAction\",\"target\":[\"https:\/\/frpadel.ro\/index.php\/2025\/11\/27\/cupa-romaniei-2025-finala-sezonului-de-padel-se-joaca-la-timisoara\/\"]}]},{\"@type\":\"ImageObject\",\"inLanguage\":\"ro-RO\",\"@id\":\"https:\/\/frpadel.ro\/index.php\/2025\/11\/27\/cupa-romaniei-2025-finala-sezonului-de-padel-se-joaca-la-timisoara\/#primaryimage\",\"url\":\"https:\/\/frpadel.ro\/wp-content\/uploads\/2025\/11\/cupa-romaniei-v3-2-1.png\",\"contentUrl\":\"https:\/\/frpadel.ro\/wp-content\/uploads\/2025\/11\/cupa-romaniei-v3-2-1.png\",\"width\":336,\"height\":280},{\"@type\":\"BreadcrumbList\",\"@id\":\"https:\/\/frpadel.ro\/index.php\/2025\/11\/27\/cupa-romaniei-2025-finala-sezonului-de-padel-se-joaca-la-timisoara\/#breadcrumb\",\"itemListElement\":[{\"@type\":\"ListItem\",\"position\":1,\"name\":\"Prima pagin\u0103\",\"item\":\"https:\/\/frpadel.ro\/\"},{\"@type\":\"ListItem\",\"position\":2,\"name\":\"Cupa Rom\u00e2niei 2025 &#8211; Finala sezonului de padel se joac\u0103 la Timi\u0219oara! \ud83c\udfbe\ud83c\udfc6\"}]},{\"@type\":\"WebSite\",\"@id\":\"https:\/\/frpadel.ro\/#website\",\"url\":\"https:\/\/frpadel.ro\/\",\"name\":\"Federatia de Padel din Romania\",\"description\":\"Website-ul Federa\u021biei de Padel din Rom\u00e2nia\",\"potentialAction\":[{\"@type\":\"SearchAction\",\"target\":{\"@type\":\"EntryPoint\",\"urlTemplate\":\"https:\/\/frpadel.ro\/?s={search_term_string}\"},\"query-input\":{\"@type\":\"PropertyValueSpecification\",\"valueRequired\":true,\"valueName\":\"search_term_string\"}}],\"inLanguage\":\"ro-RO\"},{\"@type\":\"Person\",\"@id\":\"https:\/\/frpadel.ro\/#\/schema\/person\/6669a0f650ec513e558cafdf68d98036\",\"name\":\"Federatia de Padel\",\"image\":{\"@type\":\"ImageObject\",\"inLanguage\":\"ro-RO\",\"@id\":\"https:\/\/frpadel.ro\/#\/schema\/person\/image\/\",\"url\":\"https:\/\/secure.gravatar.com\/avatar\/2984a1ce75944179eebd7c4148370b6fb63c0230e0a2bbc6f2d9a02192bde491?s=96&d=mm&r=g\",\"contentUrl\":\"https:\/\/secure.gravatar.com\/avatar\/2984a1ce75944179eebd7c4148370b6fb63c0230e0a2bbc6f2d9a02192bde491?s=96&d=mm&r=g\",\"caption\":\"Federatia de Padel\"},\"sameAs\":[\"https:\/\/frpadel.ro\"],\"url\":\"https:\/\/frpadel.ro\/index.php\/author\/admin_p93hpmer\/\"}]}<\/script>\n<!-- \/ Yoast SEO Premium plugin. -->","yoast_head_json":{"title":"Cupa Rom\u00e2niei 2025 - Finala sezonului de padel se joac\u0103 la Timi\u0219oara! \ud83c\udfbe\ud83c\udfc6 - Federatia de Padel din Romania","robots":{"index":"index","follow":"follow","max-snippet":"max-snippet:-1","max-image-preview":"max-image-preview:large","max-video-preview":"max-video-preview:-1"},"canonical":"https:\/\/frpadel.ro\/index.php\/2025\/11\/27\/cupa-romaniei-2025-finala-sezonului-de-padel-se-joaca-la-timisoara\/","og_locale":"ro_RO","og_type":"article","og_title":"Cupa Rom\u00e2niei 2025 - Finala sezonului de padel se joac\u0103 la Timi\u0219oara! \ud83c\udfbe\ud83c\udfc6","og_description":"[vc_row][vc_column][vc_column_text css=&#8221;&#8221;] Finala sezonului 2025 al circuitului profesionist de padel se apropie cu pa\u0219i repezi \u2014 \u00eentre 12 \u0219i 14 decembrie 2025, la Padel Center (Timi\u0219oara \/ Dumbr\u0103vi\u021ba) se va desf\u0103\u0219ura mult-a\u0219teptata Cup\u0103 a Rom\u00e2niei! Cei mai buni juc\u0103tori \u0219i perechi din \u021bar\u0103 \u2014 calificati din fiecare divizie \u2014 se vor confrunta pentru titlul suprem...","og_url":"https:\/\/frpadel.ro\/index.php\/2025\/11\/27\/cupa-romaniei-2025-finala-sezonului-de-padel-se-joaca-la-timisoara\/","og_site_name":"Federatia de Padel din Romania","article_published_time":"2025-11-27T16:14:35+00:00","article_modified_time":"2025-11-27T16:17:43+00:00","og_image":[{"width":336,"height":280,"url":"https:\/\/frpadel.ro\/wp-content\/uploads\/2025\/11\/cupa-romaniei-v3-2-1.png","type":"image\/png"}],"author":"Federatia de Padel","twitter_card":"summary_large_image","twitter_misc":{"Scris de":"Federatia de Padel","Timp estimat pentru citire":"1 minut"},"schema":{"@context":"https:\/\/schema.org","@graph":[{"@type":"WebPage","@id":"https:\/\/frpadel.ro\/index.php\/2025\/11\/27\/cupa-romaniei-2025-finala-sezonului-de-padel-se-joaca-la-timisoara\/","url":"https:\/\/frpadel.ro\/index.php\/2025\/11\/27\/cupa-romaniei-2025-finala-sezonului-de-padel-se-joaca-la-timisoara\/","name":"Cupa Rom\u00e2niei 2025 - Finala sezonului de padel se joac\u0103 la Timi\u0219oara! \ud83c\udfbe\ud83c\udfc6 - Federatia de Padel din Romania","isPartOf":{"@id":"https:\/\/frpadel.ro\/#website"},"primaryImageOfPage":{"@id":"https:\/\/frpadel.ro\/index.php\/2025\/11\/27\/cupa-romaniei-2025-finala-sezonului-de-padel-se-joaca-la-timisoara\/#primaryimage"},"image":{"@id":"https:\/\/frpadel.ro\/index.php\/2025\/11\/27\/cupa-romaniei-2025-finala-sezonului-de-padel-se-joaca-la-timisoara\/#primaryimage"},"thumbnailUrl":"https:\/\/frpadel.ro\/wp-content\/uploads\/2025\/11\/cupa-romaniei-v3-2-1.png","datePublished":"2025-11-27T16:14:35+00:00","dateModified":"2025-11-27T16:17:43+00:00","author":{"@id":"https:\/\/frpadel.ro\/#\/schema\/person\/6669a0f650ec513e558cafdf68d98036"},"breadcrumb":{"@id":"https:\/\/frpadel.ro\/index.php\/2025\/11\/27\/cupa-romaniei-2025-finala-sezonului-de-padel-se-joaca-la-timisoara\/#breadcrumb"},"inLanguage":"ro-RO","potentialAction":[{"@type":"ReadAction","target":["https:\/\/frpadel.ro\/index.php\/2025\/11\/27\/cupa-romaniei-2025-finala-sezonului-de-padel-se-joaca-la-timisoara\/"]}]},{"@type":"ImageObject","inLanguage":"ro-RO","@id":"https:\/\/frpadel.ro\/index.php\/2025\/11\/27\/cupa-romaniei-2025-finala-sezonului-de-padel-se-joaca-la-timisoara\/#primaryimage","url":"https:\/\/frpadel.ro\/wp-content\/uploads\/2025\/11\/cupa-romaniei-v3-2-1.png","contentUrl":"https:\/\/frpadel.ro\/wp-content\/uploads\/2025\/11\/cupa-romaniei-v3-2-1.png","width":336,"height":280},{"@type":"BreadcrumbList","@id":"https:\/\/frpadel.ro\/index.php\/2025\/11\/27\/cupa-romaniei-2025-finala-sezonului-de-padel-se-joaca-la-timisoara\/#breadcrumb","itemListElement":[{"@type":"ListItem","position":1,"name":"Prima pagin\u0103","item":"https:\/\/frpadel.ro\/"},{"@type":"ListItem","position":2,"name":"Cupa Rom\u00e2niei 2025 &#8211; Finala sezonului de padel se joac\u0103 la Timi\u0219oara! \ud83c\udfbe\ud83c\udfc6"}]},{"@type":"WebSite","@id":"https:\/\/frpadel.ro\/#website","url":"https:\/\/frpadel.ro\/","name":"Federatia de Padel din Romania","description":"Website-ul Federa\u021biei de Padel din Rom\u00e2nia","potentialAction":[{"@type":"SearchAction","target":{"@type":"EntryPoint","urlTemplate":"https:\/\/frpadel.ro\/?s={search_term_string}"},"query-input":{"@type":"PropertyValueSpecification","valueRequired":true,"valueName":"search_term_string"}}],"inLanguage":"ro-RO"},{"@type":"Person","@id":"https:\/\/frpadel.ro\/#\/schema\/person\/6669a0f650ec513e558cafdf68d98036","name":"Federatia de Padel","image":{"@type":"ImageObject","inLanguage":"ro-RO","@id":"https:\/\/frpadel.ro\/#\/schema\/person\/image\/","url":"https:\/\/secure.gravatar.com\/avatar\/2984a1ce75944179eebd7c4148370b6fb63c0230e0a2bbc6f2d9a02192bde491?s=96&d=mm&r=g","contentUrl":"https:\/\/secure.gravatar.com\/avatar\/2984a1ce75944179eebd7c4148370b6fb63c0230e0a2bbc6f2d9a02192bde491?s=96&d=mm&r=g","caption":"Federatia de Padel"},"sameAs":["https:\/\/frpadel.ro"],"url":"https:\/\/frpadel.ro\/index.php\/author\/admin_p93hpmer\/"}]}},"_links":{"self":[{"href":"https:\/\/frpadel.ro\/index.php\/wp-json\/wp\/v2\/posts\/2587","targetHints":{"allow":["GET"]}}],"collection":[{"href":"https:\/\/frpadel.ro\/index.php\/wp-json\/wp\/v2\/posts"}],"about":[{"href":"https:\/\/frpadel.ro\/index.php\/wp-json\/wp\/v2\/types\/post"}],"author":[{"embeddable":true,"href":"https:\/\/frpadel.ro\/index.php\/wp-json\/wp\/v2\/users\/1"}],"replies":[{"embeddable":true,"href":"https:\/\/frpadel.ro\/index.php\/wp-json\/wp\/v2\/comments?post=2587"}],"version-history":[{"count":2,"href":"https:\/\/frpadel.ro\/index.php\/wp-json\/wp\/v2\/posts\/2587\/revisions"}],"predecessor-version":[{"id":2595,"href":"https:\/\/frpadel.ro\/index.php\/wp-json\/wp\/v2\/posts\/2587\/revisions\/2595"}],"wp:featuredmedia":[{"embeddable":true,"href":"https:\/\/frpadel.ro\/index.php\/wp-json\/wp\/v2\/media\/2588"}],"wp:attachment":[{"href":"https:\/\/frpadel.ro\/index.php\/wp-json\/wp\/v2\/media?parent=2587"}],"wp:term":[{"taxonomy":"category","embeddable":true,"href":"https:\/\/frpadel.ro\/index.php\/wp-json\/wp\/v2\/categories?post=2587"},{"taxonomy":"post_tag","embeddable":true,"href":"https:\/\/frpadel.ro\/index.php\/wp-json\/wp\/v2\/tags?post=2587"}],"curies":[{"name":"wp","href":"https:\/\/api.w.org\/{rel}","templated":true}]}}