{"id":2496,"date":"2025-10-07T08:41:55","date_gmt":"2025-10-07T05:41:55","guid":{"rendered":"https:\/\/frpadel.ro\/?p=2496"},"modified":"2025-10-07T08:47:08","modified_gmt":"2025-10-07T05:47:08","slug":"federatia-daneza-de-padel-admisa-in-comitetul-olimpic-national","status":"publish","type":"post","link":"https:\/\/frpadel.ro\/index.php\/2025\/10\/07\/federatia-daneza-de-padel-admisa-in-comitetul-olimpic-national\/","title":{"rendered":"Federa\u021bia Danez\u0103 de Padel, admis\u0103 \u00een Comitetul Olimpic Na\u021bional"},"content":{"rendered":"<div class=\"wpb-content-wrapper\"><p>[vc_row][vc_column][vc_column_text css=&#8221;&#8221;]<\/p>\n<p data-start=\"52\" data-end=\"121\"><strong data-start=\"52\" data-end=\"119\">Federa\u021bia Danez\u0103 de Padel, admis\u0103 \u00een Comitetul Olimpic Na\u021bional<\/strong><\/p>\n<p data-start=\"123\" data-end=\"365\">\u00centr-un pas istoric pentru sportul padel, Federa\u021bia Danez\u0103 de Padel (DPF) a fost oficial admis\u0103 ca membr\u0103 a Comitetului Olimpic \u0219i Confedera\u021biei Sportive a Danemarcei (DIF), \u00eencep\u00e2nd cu 1 ianuarie 2026.<\/p>\n<p data-start=\"367\" data-end=\"615\">P\u00e2n\u0103 acum, padelul era gestionat ca activitate sub umbrela Federa\u021biei de Tenis din Danemarca, \u00eens\u0103 recunoa\u0219terea ca sport de sine st\u0103t\u0103tor confer\u0103 o legitimitate sporit\u0103 \u0219i oportunit\u0103\u021bi extinse de dezvoltare.<\/p>\n<p data-start=\"617\" data-end=\"872\">Frederik Bentler, pre\u0219edintele DPF, a declarat: \u201eEste absolut fantastic c\u0103 vom putea \u00een cur\u00e2nd s\u0103 ne numim membri DIF &#8211; o aspira\u021bie pe care o aveam de mul\u021bi ani &#8211; \u0219i c\u0103 padelul este recunoscut ca sport independent.\u201d<\/p>\n<p data-start=\"874\" data-end=\"1081\">Luigi Carraro, pre\u0219edintele FIP, a salutat decizia: \u201eAdmiterea istoric\u0103 a DPF \u00een DIF \u2026 este un semn clar al angajamentului \u0219i muncii asidue depuse de-a lungul anilor.\u201d<\/p>\n<p data-start=\"1083\" data-end=\"1325\">Decizia a fost aprobat\u0103 cu larg\u0103 majoritate \u00een cadrul \u0219edin\u021bei bugetare a DIF \u0219i marcheaz\u0103 un moment important nu doar pentru padelul danez, ci \u0219i pentru recunoa\u0219terea sportului la scar\u0103 interna\u021bional\u0103.<\/p>\n<hr data-start=\"1327\" data-end=\"1330\" \/>\n<p data-start=\"1332\" data-end=\"1490\"><strong data-start=\"1332\" data-end=\"1342\">Sursa:<\/strong> Padel FIP \u2014 <a href=\"https:\/\/www.padelfip.com\/2025\/10\/danish-padel-federation-admitted-to-national-olympic-comittee-carraro-a-historic-moment\/\"><em data-start=\"1355\" data-end=\"1450\">Danish Padel Federation admitted to National Olympic Comittee. Carraro: \u2018A historic moment<\/em><\/a><\/p>\n<p>[\/vc_column_text][\/vc_column][\/vc_row]<\/p>\n<\/div>","protected":false},"excerpt":{"rendered":"<p>\u00centr-un pas istoric pentru sportul padel, Federa\u021bia Danez\u0103 de Padel (DPF) a fost oficial admis\u0103 ca membr\u0103 a Comitetului Olimpic \u0219i Confedera\u021biei Sportive a Danemarcei (DIF), \u00eencep\u00e2nd cu 1 ianuarie 2026.<\/p>\n","protected":false},"author":1,"featured_media":2497,"comment_status":"open","ping_status":"open","sticky":false,"template":"","format":"standard","meta":{"_acf_changed":false,"footnotes":""},"categories":[100],"tags":[],"class_list":["post-2496","post","type-post","status-publish","format-standard","has-post-thumbnail","hentry","category-anunturi"],"acf":[],"yoast_head":"<!-- This site is optimized with the Yoast SEO Premium plugin v26.0 (Yoast SEO v26.0) - https:\/\/yoast.com\/wordpress\/plugins\/seo\/ -->\n<title>Federa\u021bia Danez\u0103 de Padel, admis\u0103 \u00een Comitetul Olimpic Na\u021bional - Federatia de Padel din Romania<\/title>\n<meta name=\"robots\" content=\"index, follow, max-snippet:-1, max-image-preview:large, max-video-preview:-1\" \/>\n<link rel=\"canonical\" href=\"https:\/\/frpadel.ro\/index.php\/2025\/10\/07\/federatia-daneza-de-padel-admisa-in-comitetul-olimpic-national\/\" \/>\n<meta property=\"og:locale\" content=\"ro_RO\" \/>\n<meta property=\"og:type\" content=\"article\" \/>\n<meta property=\"og:title\" content=\"Federa\u021bia Danez\u0103 de Padel, admis\u0103 \u00een Comitetul Olimpic Na\u021bional\" \/>\n<meta property=\"og:description\" content=\"\u00centr-un pas istoric pentru sportul padel, Federa\u021bia Danez\u0103 de Padel (DPF) a fost oficial admis\u0103 ca membr\u0103 a Comitetului Olimpic \u0219i Confedera\u021biei Sportive a Danemarcei (DIF), \u00eencep\u00e2nd cu 1 ianuarie 2026.\" \/>\n<meta property=\"og:url\" content=\"https:\/\/frpadel.ro\/index.php\/2025\/10\/07\/federatia-daneza-de-padel-admisa-in-comitetul-olimpic-national\/\" \/>\n<meta property=\"og:site_name\" content=\"Federatia de Padel din Romania\" \/>\n<meta property=\"article:published_time\" content=\"2025-10-07T05:41:55+00:00\" \/>\n<meta property=\"article:modified_time\" content=\"2025-10-07T05:47:08+00:00\" \/>\n<meta property=\"og:image\" content=\"https:\/\/frpadel.ro\/wp-content\/uploads\/2025\/10\/News-comitato-1024x576-1.webp\" \/>\n\t<meta property=\"og:image:width\" content=\"1024\" \/>\n\t<meta property=\"og:image:height\" content=\"576\" \/>\n\t<meta property=\"og:image:type\" content=\"image\/webp\" \/>\n<meta name=\"author\" content=\"Federatia de Padel\" \/>\n<meta name=\"twitter:card\" content=\"summary_large_image\" \/>\n<meta name=\"twitter:label1\" content=\"Scris de\" \/>\n\t<meta name=\"twitter:data1\" content=\"Federatia de Padel\" \/>\n\t<meta name=\"twitter:label2\" content=\"Timp estimat pentru citire\" \/>\n\t<meta name=\"twitter:data2\" content=\"1 minut\" \/>\n<script type=\"application\/ld+json\" class=\"yoast-schema-graph\">{\"@context\":\"https:\/\/schema.org\",\"@graph\":[{\"@type\":\"WebPage\",\"@id\":\"https:\/\/frpadel.ro\/index.php\/2025\/10\/07\/federatia-daneza-de-padel-admisa-in-comitetul-olimpic-national\/\",\"url\":\"https:\/\/frpadel.ro\/index.php\/2025\/10\/07\/federatia-daneza-de-padel-admisa-in-comitetul-olimpic-national\/\",\"name\":\"Federa\u021bia Danez\u0103 de Padel, admis\u0103 \u00een Comitetul Olimpic Na\u021bional - Federatia de Padel din Romania\",\"isPartOf\":{\"@id\":\"https:\/\/frpadel.ro\/#website\"},\"primaryImageOfPage\":{\"@id\":\"https:\/\/frpadel.ro\/index.php\/2025\/10\/07\/federatia-daneza-de-padel-admisa-in-comitetul-olimpic-national\/#primaryimage\"},\"image\":{\"@id\":\"https:\/\/frpadel.ro\/index.php\/2025\/10\/07\/federatia-daneza-de-padel-admisa-in-comitetul-olimpic-national\/#primaryimage\"},\"thumbnailUrl\":\"https:\/\/frpadel.ro\/wp-content\/uploads\/2025\/10\/News-comitato-1024x576-1.webp\",\"datePublished\":\"2025-10-07T05:41:55+00:00\",\"dateModified\":\"2025-10-07T05:47:08+00:00\",\"author\":{\"@id\":\"https:\/\/frpadel.ro\/#\/schema\/person\/6669a0f650ec513e558cafdf68d98036\"},\"breadcrumb\":{\"@id\":\"https:\/\/frpadel.ro\/index.php\/2025\/10\/07\/federatia-daneza-de-padel-admisa-in-comitetul-olimpic-national\/#breadcrumb\"},\"inLanguage\":\"ro-RO\",\"potentialAction\":[{\"@type\":\"ReadAction\",\"target\":[\"https:\/\/frpadel.ro\/index.php\/2025\/10\/07\/federatia-daneza-de-padel-admisa-in-comitetul-olimpic-national\/\"]}]},{\"@type\":\"ImageObject\",\"inLanguage\":\"ro-RO\",\"@id\":\"https:\/\/frpadel.ro\/index.php\/2025\/10\/07\/federatia-daneza-de-padel-admisa-in-comitetul-olimpic-national\/#primaryimage\",\"url\":\"https:\/\/frpadel.ro\/wp-content\/uploads\/2025\/10\/News-comitato-1024x576-1.webp\",\"contentUrl\":\"https:\/\/frpadel.ro\/wp-content\/uploads\/2025\/10\/News-comitato-1024x576-1.webp\",\"width\":1024,\"height\":576},{\"@type\":\"BreadcrumbList\",\"@id\":\"https:\/\/frpadel.ro\/index.php\/2025\/10\/07\/federatia-daneza-de-padel-admisa-in-comitetul-olimpic-national\/#breadcrumb\",\"itemListElement\":[{\"@type\":\"ListItem\",\"position\":1,\"name\":\"Prima pagin\u0103\",\"item\":\"https:\/\/frpadel.ro\/\"},{\"@type\":\"ListItem\",\"position\":2,\"name\":\"Federa\u021bia Danez\u0103 de Padel, admis\u0103 \u00een Comitetul Olimpic Na\u021bional\"}]},{\"@type\":\"WebSite\",\"@id\":\"https:\/\/frpadel.ro\/#website\",\"url\":\"https:\/\/frpadel.ro\/\",\"name\":\"Federatia de Padel din Romania\",\"description\":\"Website-ul Federa\u021biei de Padel din Rom\u00e2nia\",\"potentialAction\":[{\"@type\":\"SearchAction\",\"target\":{\"@type\":\"EntryPoint\",\"urlTemplate\":\"https:\/\/frpadel.ro\/?s={search_term_string}\"},\"query-input\":{\"@type\":\"PropertyValueSpecification\",\"valueRequired\":true,\"valueName\":\"search_term_string\"}}],\"inLanguage\":\"ro-RO\"},{\"@type\":\"Person\",\"@id\":\"https:\/\/frpadel.ro\/#\/schema\/person\/6669a0f650ec513e558cafdf68d98036\",\"name\":\"Federatia de Padel\",\"image\":{\"@type\":\"ImageObject\",\"inLanguage\":\"ro-RO\",\"@id\":\"https:\/\/frpadel.ro\/#\/schema\/person\/image\/\",\"url\":\"https:\/\/secure.gravatar.com\/avatar\/2984a1ce75944179eebd7c4148370b6fb63c0230e0a2bbc6f2d9a02192bde491?s=96&d=mm&r=g\",\"contentUrl\":\"https:\/\/secure.gravatar.com\/avatar\/2984a1ce75944179eebd7c4148370b6fb63c0230e0a2bbc6f2d9a02192bde491?s=96&d=mm&r=g\",\"caption\":\"Federatia de Padel\"},\"sameAs\":[\"https:\/\/frpadel.ro\"],\"url\":\"https:\/\/frpadel.ro\/index.php\/author\/admin_p93hpmer\/\"}]}<\/script>\n<!-- \/ Yoast SEO Premium plugin. -->","yoast_head_json":{"title":"Federa\u021bia Danez\u0103 de Padel, admis\u0103 \u00een Comitetul Olimpic Na\u021bional - Federatia de Padel din Romania","robots":{"index":"index","follow":"follow","max-snippet":"max-snippet:-1","max-image-preview":"max-image-preview:large","max-video-preview":"max-video-preview:-1"},"canonical":"https:\/\/frpadel.ro\/index.php\/2025\/10\/07\/federatia-daneza-de-padel-admisa-in-comitetul-olimpic-national\/","og_locale":"ro_RO","og_type":"article","og_title":"Federa\u021bia Danez\u0103 de Padel, admis\u0103 \u00een Comitetul Olimpic Na\u021bional","og_description":"\u00centr-un pas istoric pentru sportul padel, Federa\u021bia Danez\u0103 de Padel (DPF) a fost oficial admis\u0103 ca membr\u0103 a Comitetului Olimpic \u0219i Confedera\u021biei Sportive a Danemarcei (DIF), \u00eencep\u00e2nd cu 1 ianuarie 2026.","og_url":"https:\/\/frpadel.ro\/index.php\/2025\/10\/07\/federatia-daneza-de-padel-admisa-in-comitetul-olimpic-national\/","og_site_name":"Federatia de Padel din Romania","article_published_time":"2025-10-07T05:41:55+00:00","article_modified_time":"2025-10-07T05:47:08+00:00","og_image":[{"width":1024,"height":576,"url":"https:\/\/frpadel.ro\/wp-content\/uploads\/2025\/10\/News-comitato-1024x576-1.webp","type":"image\/webp"}],"author":"Federatia de Padel","twitter_card":"summary_large_image","twitter_misc":{"Scris de":"Federatia de Padel","Timp estimat pentru citire":"1 minut"},"schema":{"@context":"https:\/\/schema.org","@graph":[{"@type":"WebPage","@id":"https:\/\/frpadel.ro\/index.php\/2025\/10\/07\/federatia-daneza-de-padel-admisa-in-comitetul-olimpic-national\/","url":"https:\/\/frpadel.ro\/index.php\/2025\/10\/07\/federatia-daneza-de-padel-admisa-in-comitetul-olimpic-national\/","name":"Federa\u021bia Danez\u0103 de Padel, admis\u0103 \u00een Comitetul Olimpic Na\u021bional - Federatia de Padel din Romania","isPartOf":{"@id":"https:\/\/frpadel.ro\/#website"},"primaryImageOfPage":{"@id":"https:\/\/frpadel.ro\/index.php\/2025\/10\/07\/federatia-daneza-de-padel-admisa-in-comitetul-olimpic-national\/#primaryimage"},"image":{"@id":"https:\/\/frpadel.ro\/index.php\/2025\/10\/07\/federatia-daneza-de-padel-admisa-in-comitetul-olimpic-national\/#primaryimage"},"thumbnailUrl":"https:\/\/frpadel.ro\/wp-content\/uploads\/2025\/10\/News-comitato-1024x576-1.webp","datePublished":"2025-10-07T05:41:55+00:00","dateModified":"2025-10-07T05:47:08+00:00","author":{"@id":"https:\/\/frpadel.ro\/#\/schema\/person\/6669a0f650ec513e558cafdf68d98036"},"breadcrumb":{"@id":"https:\/\/frpadel.ro\/index.php\/2025\/10\/07\/federatia-daneza-de-padel-admisa-in-comitetul-olimpic-national\/#breadcrumb"},"inLanguage":"ro-RO","potentialAction":[{"@type":"ReadAction","target":["https:\/\/frpadel.ro\/index.php\/2025\/10\/07\/federatia-daneza-de-padel-admisa-in-comitetul-olimpic-national\/"]}]},{"@type":"ImageObject","inLanguage":"ro-RO","@id":"https:\/\/frpadel.ro\/index.php\/2025\/10\/07\/federatia-daneza-de-padel-admisa-in-comitetul-olimpic-national\/#primaryimage","url":"https:\/\/frpadel.ro\/wp-content\/uploads\/2025\/10\/News-comitato-1024x576-1.webp","contentUrl":"https:\/\/frpadel.ro\/wp-content\/uploads\/2025\/10\/News-comitato-1024x576-1.webp","width":1024,"height":576},{"@type":"BreadcrumbList","@id":"https:\/\/frpadel.ro\/index.php\/2025\/10\/07\/federatia-daneza-de-padel-admisa-in-comitetul-olimpic-national\/#breadcrumb","itemListElement":[{"@type":"ListItem","position":1,"name":"Prima pagin\u0103","item":"https:\/\/frpadel.ro\/"},{"@type":"ListItem","position":2,"name":"Federa\u021bia Danez\u0103 de Padel, admis\u0103 \u00een Comitetul Olimpic Na\u021bional"}]},{"@type":"WebSite","@id":"https:\/\/frpadel.ro\/#website","url":"https:\/\/frpadel.ro\/","name":"Federatia de Padel din Romania","description":"Website-ul Federa\u021biei de Padel din Rom\u00e2nia","potentialAction":[{"@type":"SearchAction","target":{"@type":"EntryPoint","urlTemplate":"https:\/\/frpadel.ro\/?s={search_term_string}"},"query-input":{"@type":"PropertyValueSpecification","valueRequired":true,"valueName":"search_term_string"}}],"inLanguage":"ro-RO"},{"@type":"Person","@id":"https:\/\/frpadel.ro\/#\/schema\/person\/6669a0f650ec513e558cafdf68d98036","name":"Federatia de Padel","image":{"@type":"ImageObject","inLanguage":"ro-RO","@id":"https:\/\/frpadel.ro\/#\/schema\/person\/image\/","url":"https:\/\/secure.gravatar.com\/avatar\/2984a1ce75944179eebd7c4148370b6fb63c0230e0a2bbc6f2d9a02192bde491?s=96&d=mm&r=g","contentUrl":"https:\/\/secure.gravatar.com\/avatar\/2984a1ce75944179eebd7c4148370b6fb63c0230e0a2bbc6f2d9a02192bde491?s=96&d=mm&r=g","caption":"Federatia de Padel"},"sameAs":["https:\/\/frpadel.ro"],"url":"https:\/\/frpadel.ro\/index.php\/author\/admin_p93hpmer\/"}]}},"_links":{"self":[{"href":"https:\/\/frpadel.ro\/index.php\/wp-json\/wp\/v2\/posts\/2496","targetHints":{"allow":["GET"]}}],"collection":[{"href":"https:\/\/frpadel.ro\/index.php\/wp-json\/wp\/v2\/posts"}],"about":[{"href":"https:\/\/frpadel.ro\/index.php\/wp-json\/wp\/v2\/types\/post"}],"author":[{"embeddable":true,"href":"https:\/\/frpadel.ro\/index.php\/wp-json\/wp\/v2\/users\/1"}],"replies":[{"embeddable":true,"href":"https:\/\/frpadel.ro\/index.php\/wp-json\/wp\/v2\/comments?post=2496"}],"version-history":[{"count":3,"href":"https:\/\/frpadel.ro\/index.php\/wp-json\/wp\/v2\/posts\/2496\/revisions"}],"predecessor-version":[{"id":2500,"href":"https:\/\/frpadel.ro\/index.php\/wp-json\/wp\/v2\/posts\/2496\/revisions\/2500"}],"wp:featuredmedia":[{"embeddable":true,"href":"https:\/\/frpadel.ro\/index.php\/wp-json\/wp\/v2\/media\/2497"}],"wp:attachment":[{"href":"https:\/\/frpadel.ro\/index.php\/wp-json\/wp\/v2\/media?parent=2496"}],"wp:term":[{"taxonomy":"category","embeddable":true,"href":"https:\/\/frpadel.ro\/index.php\/wp-json\/wp\/v2\/categories?post=2496"},{"taxonomy":"post_tag","embeddable":true,"href":"https:\/\/frpadel.ro\/index.php\/wp-json\/wp\/v2\/tags?post=2496"}],"curies":[{"name":"wp","href":"https:\/\/api.w.org\/{rel}","templated":true}]}}