{"id":2477,"date":"2025-10-06T09:39:59","date_gmt":"2025-10-06T06:39:59","guid":{"rendered":"https:\/\/frpadel.ro\/?p=2477"},"modified":"2025-10-06T09:40:38","modified_gmt":"2025-10-06T06:40:38","slug":"fip-promite-din-2026-incepe-o-noua-era-pentru-circuitul-dedicat-generatiei-viitoare-in-padel","status":"publish","type":"post","link":"https:\/\/frpadel.ro\/index.php\/2025\/10\/06\/fip-promite-din-2026-incepe-o-noua-era-pentru-circuitul-dedicat-generatiei-viitoare-in-padel\/","title":{"rendered":"FIP promite: din 2026 \u00eencepe o nou\u0103 er\u0103 pentru circuitul dedicat genera\u0163iei viitoare \u00een padel"},"content":{"rendered":"<div class=\"wpb-content-wrapper\"><p>[vc_row][vc_column][vc_column_text css=&#8221;&#8221;]<\/p>\n<p data-start=\"115\" data-end=\"212\"><strong data-start=\"115\" data-end=\"212\">FIP promite: din 2026 &#8211;\u00a0 \u00eencepe o nou\u0103 er\u0103 pentru circuitul dedicat genera\u0163iei viitoare \u00een padel<\/strong><\/p>\n<p data-start=\"214\" data-end=\"500\">Federa\u0163ia Interna\u0163ional\u0103 de Padel (FIP) anun\u0163\u0103 lansarea, \u00eencep\u00e2nd din 2026, a unei noi structuri a circuitului \u201cPromises\u201d, dedicat\u0103 exclusiv tinerilor talenta\u0163i, pentru a le \u00eembun\u0103t\u0103\u0163i vizibilitatea \u015fi oportunit\u0103\u0163ile de dezvoltare la nivel mondial.<\/p>\n<p data-start=\"502\" data-end=\"902\">Circuitul \u201cFIP Promises\u201d, care cuprinde categoriile Under-12, Under-14, Under-16 \u015fi Under-18, a cunoscut o cre\u015ftere spectaculoas\u0103 \u00een ultimii ani: dac\u0103 \u00een 2021 s-au organizat 3 turnee, \u00een 2022 au fost 12, \u00een 2023 \u2013 18, \u00een 2024 \u2013 41, iar doar \u00een primele \u015fapte luni din 2025 se ajunsese deja la 55 de competi\u0163ii, cu o estimare de peste 100 p\u00e2n\u0103 la sf\u00e2r\u015fitul anului.<\/p>\n<p data-start=\"904\" data-end=\"931\"><strong data-start=\"904\" data-end=\"931\">Ce se schimb\u0103 din 2026:<\/strong><\/p>\n<ul data-start=\"933\" data-end=\"1722\">\n<li data-start=\"933\" data-end=\"1207\">\n<p data-start=\"935\" data-end=\"1207\">Circuitul va fi reorganizat pe circuite continentale: <strong data-start=\"989\" data-end=\"1012\">FIP Promises Europe<\/strong>, <strong data-start=\"1014\" data-end=\"1025\">America<\/strong>, <strong data-start=\"1027\" data-end=\"1035\">Asia<\/strong>, <strong data-start=\"1037\" data-end=\"1047\">Africa<\/strong>. Scopul este s\u0103 se stimuleze competi\u0163ia, s\u0103 creasc\u0103 accesibilitatea \u015fi s\u0103 se \u00eencurajeze participarea la nivel regional.<\/p>\n<\/li>\n<li data-start=\"1208\" data-end=\"1442\">\n<p data-start=\"1210\" data-end=\"1442\">Se va lansa un circuit global Under-18, format din 10 turnee interna\u0163ionale + o final\u0103 (\u201eMaster\u201d). Participarea va fi rezervat\u0103 celor mai bine clasa\u0163i juc\u0103tori din fiecare circuit continental.<\/p>\n<\/li>\n<li data-start=\"1443\" data-end=\"1722\">\n<p data-start=\"1445\" data-end=\"1722\">La finalul fiec\u0103rui sezon, se va acorda un <strong data-start=\"1488\" data-end=\"1510\">FIP Promises Award<\/strong> pentru primii 10 juc\u0103tori din circuitul global Under-18, cu recompensa de a participa la evenimente selectate din circuitele Premier Padel \u015fi CUPRA FIP Tour \u00een anul urm\u0103tor.<\/p>\n<\/li>\n<\/ul>\n<p>[\/vc_column_text][\/vc_column][\/vc_row][vc_row][vc_column][vc_column_text]<\/p>\n<div data-wp-interactive=\"core\/file\" class=\"wp-block-file\"><object data-wp-bind--hidden=\"!state.hasPdfPreview\" hidden class=\"wp-block-file__embed\" data=\"https:\/\/frpadel.ro\/wp-content\/uploads\/2025\/10\/1-august_FIP-Promises-2026_ENG.pdf\" type=\"application\/pdf\" style=\"width:100%;height:600px\" aria-label=\"\u00cenglobare pentru 1-august_FIP-Promises-2026_ENG.\"><\/object><a id=\"wp-block-file--media-e8b34581-a9dc-45a9-9bb5-86e387f15cdb\" href=\"https:\/\/frpadel.ro\/wp-content\/uploads\/2025\/10\/1-august_FIP-Promises-2026_ENG.pdf\">1-august_FIP-Promises-2026_ENG<\/a><a href=\"https:\/\/frpadel.ro\/wp-content\/uploads\/2025\/10\/1-august_FIP-Promises-2026_ENG.pdf\" class=\"wp-block-file__button wp-element-button\" download aria-describedby=\"wp-block-file--media-e8b34581-a9dc-45a9-9bb5-86e387f15cdb\">Descarc\u0103<\/a><\/div>\n<p>[\/vc_column_text][\/vc_column][\/vc_row]<\/p>\n<\/div>","protected":false},"excerpt":{"rendered":"<p>Federa\u0163ia Interna\u0163ional\u0103 de Padel (FIP) anun\u0163\u0103 lansarea, \u00eencep\u00e2nd din 2026, a unei noi structuri a circuitului \u201cPromises\u201d, dedicat\u0103 exclusiv tinerilor talenta\u0163i, pentru a le \u00eembun\u0103t\u0103\u0163i vizibilitatea \u015fi oportunit\u0103\u0163ile de dezvoltare la nivel mondial.<\/p>\n","protected":false},"author":1,"featured_media":2478,"comment_status":"open","ping_status":"open","sticky":false,"template":"","format":"standard","meta":{"_acf_changed":false,"footnotes":""},"categories":[100,88],"tags":[],"class_list":["post-2477","post","type-post","status-publish","format-standard","has-post-thumbnail","hentry","category-anunturi","category-competitii"],"acf":[],"yoast_head":"<!-- This site is optimized with the Yoast SEO Premium plugin v26.0 (Yoast SEO v26.0) - https:\/\/yoast.com\/wordpress\/plugins\/seo\/ -->\n<title>FIP promite: din 2026 \u00eencepe o nou\u0103 er\u0103 pentru circuitul dedicat genera\u0163iei viitoare \u00een padel - Federatia de Padel din Romania<\/title>\n<meta name=\"robots\" content=\"index, follow, max-snippet:-1, max-image-preview:large, max-video-preview:-1\" \/>\n<link rel=\"canonical\" href=\"https:\/\/frpadel.ro\/index.php\/2025\/10\/06\/fip-promite-din-2026-incepe-o-noua-era-pentru-circuitul-dedicat-generatiei-viitoare-in-padel\/\" \/>\n<meta property=\"og:locale\" content=\"ro_RO\" \/>\n<meta property=\"og:type\" content=\"article\" \/>\n<meta property=\"og:title\" content=\"FIP promite: din 2026 \u00eencepe o nou\u0103 er\u0103 pentru circuitul dedicat genera\u0163iei viitoare \u00een padel\" \/>\n<meta property=\"og:description\" content=\"Federa\u0163ia Interna\u0163ional\u0103 de Padel (FIP) anun\u0163\u0103 lansarea, \u00eencep\u00e2nd din 2026, a unei noi structuri a circuitului \u201cPromises\u201d, dedicat\u0103 exclusiv tinerilor talenta\u0163i, pentru a le \u00eembun\u0103t\u0103\u0163i vizibilitatea \u015fi oportunit\u0103\u0163ile de dezvoltare la nivel mondial.\" \/>\n<meta property=\"og:url\" content=\"https:\/\/frpadel.ro\/index.php\/2025\/10\/06\/fip-promite-din-2026-incepe-o-noua-era-pentru-circuitul-dedicat-generatiei-viitoare-in-padel\/\" \/>\n<meta property=\"og:site_name\" content=\"Federatia de Padel din Romania\" \/>\n<meta property=\"article:published_time\" content=\"2025-10-06T06:39:59+00:00\" \/>\n<meta property=\"article:modified_time\" content=\"2025-10-06T06:40:38+00:00\" \/>\n<meta property=\"og:image\" content=\"https:\/\/frpadel.ro\/wp-content\/uploads\/2025\/10\/copertina-sito-1024x576-1.webp\" \/>\n\t<meta property=\"og:image:width\" content=\"1024\" \/>\n\t<meta property=\"og:image:height\" content=\"576\" \/>\n\t<meta property=\"og:image:type\" content=\"image\/webp\" \/>\n<meta name=\"author\" content=\"Federatia de Padel\" \/>\n<meta name=\"twitter:card\" content=\"summary_large_image\" \/>\n<meta name=\"twitter:label1\" content=\"Scris de\" \/>\n\t<meta name=\"twitter:data1\" content=\"Federatia de Padel\" \/>\n\t<meta name=\"twitter:label2\" content=\"Timp estimat pentru citire\" \/>\n\t<meta name=\"twitter:data2\" content=\"1 minut\" \/>\n<script type=\"application\/ld+json\" class=\"yoast-schema-graph\">{\"@context\":\"https:\/\/schema.org\",\"@graph\":[{\"@type\":\"WebPage\",\"@id\":\"https:\/\/frpadel.ro\/index.php\/2025\/10\/06\/fip-promite-din-2026-incepe-o-noua-era-pentru-circuitul-dedicat-generatiei-viitoare-in-padel\/\",\"url\":\"https:\/\/frpadel.ro\/index.php\/2025\/10\/06\/fip-promite-din-2026-incepe-o-noua-era-pentru-circuitul-dedicat-generatiei-viitoare-in-padel\/\",\"name\":\"FIP promite: din 2026 \u00eencepe o nou\u0103 er\u0103 pentru circuitul dedicat genera\u0163iei viitoare \u00een padel - Federatia de Padel din Romania\",\"isPartOf\":{\"@id\":\"https:\/\/frpadel.ro\/#website\"},\"primaryImageOfPage\":{\"@id\":\"https:\/\/frpadel.ro\/index.php\/2025\/10\/06\/fip-promite-din-2026-incepe-o-noua-era-pentru-circuitul-dedicat-generatiei-viitoare-in-padel\/#primaryimage\"},\"image\":{\"@id\":\"https:\/\/frpadel.ro\/index.php\/2025\/10\/06\/fip-promite-din-2026-incepe-o-noua-era-pentru-circuitul-dedicat-generatiei-viitoare-in-padel\/#primaryimage\"},\"thumbnailUrl\":\"https:\/\/frpadel.ro\/wp-content\/uploads\/2025\/10\/copertina-sito-1024x576-1.webp\",\"datePublished\":\"2025-10-06T06:39:59+00:00\",\"dateModified\":\"2025-10-06T06:40:38+00:00\",\"author\":{\"@id\":\"https:\/\/frpadel.ro\/#\/schema\/person\/6669a0f650ec513e558cafdf68d98036\"},\"breadcrumb\":{\"@id\":\"https:\/\/frpadel.ro\/index.php\/2025\/10\/06\/fip-promite-din-2026-incepe-o-noua-era-pentru-circuitul-dedicat-generatiei-viitoare-in-padel\/#breadcrumb\"},\"inLanguage\":\"ro-RO\",\"potentialAction\":[{\"@type\":\"ReadAction\",\"target\":[\"https:\/\/frpadel.ro\/index.php\/2025\/10\/06\/fip-promite-din-2026-incepe-o-noua-era-pentru-circuitul-dedicat-generatiei-viitoare-in-padel\/\"]}]},{\"@type\":\"ImageObject\",\"inLanguage\":\"ro-RO\",\"@id\":\"https:\/\/frpadel.ro\/index.php\/2025\/10\/06\/fip-promite-din-2026-incepe-o-noua-era-pentru-circuitul-dedicat-generatiei-viitoare-in-padel\/#primaryimage\",\"url\":\"https:\/\/frpadel.ro\/wp-content\/uploads\/2025\/10\/copertina-sito-1024x576-1.webp\",\"contentUrl\":\"https:\/\/frpadel.ro\/wp-content\/uploads\/2025\/10\/copertina-sito-1024x576-1.webp\",\"width\":1024,\"height\":576},{\"@type\":\"BreadcrumbList\",\"@id\":\"https:\/\/frpadel.ro\/index.php\/2025\/10\/06\/fip-promite-din-2026-incepe-o-noua-era-pentru-circuitul-dedicat-generatiei-viitoare-in-padel\/#breadcrumb\",\"itemListElement\":[{\"@type\":\"ListItem\",\"position\":1,\"name\":\"Prima pagin\u0103\",\"item\":\"https:\/\/frpadel.ro\/\"},{\"@type\":\"ListItem\",\"position\":2,\"name\":\"FIP promite: din 2026 \u00eencepe o nou\u0103 er\u0103 pentru circuitul dedicat genera\u0163iei viitoare \u00een padel\"}]},{\"@type\":\"WebSite\",\"@id\":\"https:\/\/frpadel.ro\/#website\",\"url\":\"https:\/\/frpadel.ro\/\",\"name\":\"Federatia de Padel din Romania\",\"description\":\"Website-ul Federa\u021biei de Padel din Rom\u00e2nia\",\"potentialAction\":[{\"@type\":\"SearchAction\",\"target\":{\"@type\":\"EntryPoint\",\"urlTemplate\":\"https:\/\/frpadel.ro\/?s={search_term_string}\"},\"query-input\":{\"@type\":\"PropertyValueSpecification\",\"valueRequired\":true,\"valueName\":\"search_term_string\"}}],\"inLanguage\":\"ro-RO\"},{\"@type\":\"Person\",\"@id\":\"https:\/\/frpadel.ro\/#\/schema\/person\/6669a0f650ec513e558cafdf68d98036\",\"name\":\"Federatia de Padel\",\"image\":{\"@type\":\"ImageObject\",\"inLanguage\":\"ro-RO\",\"@id\":\"https:\/\/frpadel.ro\/#\/schema\/person\/image\/\",\"url\":\"https:\/\/secure.gravatar.com\/avatar\/2984a1ce75944179eebd7c4148370b6fb63c0230e0a2bbc6f2d9a02192bde491?s=96&d=mm&r=g\",\"contentUrl\":\"https:\/\/secure.gravatar.com\/avatar\/2984a1ce75944179eebd7c4148370b6fb63c0230e0a2bbc6f2d9a02192bde491?s=96&d=mm&r=g\",\"caption\":\"Federatia de Padel\"},\"sameAs\":[\"https:\/\/frpadel.ro\"],\"url\":\"https:\/\/frpadel.ro\/index.php\/author\/admin_p93hpmer\/\"}]}<\/script>\n<!-- \/ Yoast SEO Premium plugin. -->","yoast_head_json":{"title":"FIP promite: din 2026 \u00eencepe o nou\u0103 er\u0103 pentru circuitul dedicat genera\u0163iei viitoare \u00een padel - Federatia de Padel din Romania","robots":{"index":"index","follow":"follow","max-snippet":"max-snippet:-1","max-image-preview":"max-image-preview:large","max-video-preview":"max-video-preview:-1"},"canonical":"https:\/\/frpadel.ro\/index.php\/2025\/10\/06\/fip-promite-din-2026-incepe-o-noua-era-pentru-circuitul-dedicat-generatiei-viitoare-in-padel\/","og_locale":"ro_RO","og_type":"article","og_title":"FIP promite: din 2026 \u00eencepe o nou\u0103 er\u0103 pentru circuitul dedicat genera\u0163iei viitoare \u00een padel","og_description":"Federa\u0163ia Interna\u0163ional\u0103 de Padel (FIP) anun\u0163\u0103 lansarea, \u00eencep\u00e2nd din 2026, a unei noi structuri a circuitului \u201cPromises\u201d, dedicat\u0103 exclusiv tinerilor talenta\u0163i, pentru a le \u00eembun\u0103t\u0103\u0163i vizibilitatea \u015fi oportunit\u0103\u0163ile de dezvoltare la nivel mondial.","og_url":"https:\/\/frpadel.ro\/index.php\/2025\/10\/06\/fip-promite-din-2026-incepe-o-noua-era-pentru-circuitul-dedicat-generatiei-viitoare-in-padel\/","og_site_name":"Federatia de Padel din Romania","article_published_time":"2025-10-06T06:39:59+00:00","article_modified_time":"2025-10-06T06:40:38+00:00","og_image":[{"width":1024,"height":576,"url":"https:\/\/frpadel.ro\/wp-content\/uploads\/2025\/10\/copertina-sito-1024x576-1.webp","type":"image\/webp"}],"author":"Federatia de Padel","twitter_card":"summary_large_image","twitter_misc":{"Scris de":"Federatia de Padel","Timp estimat pentru citire":"1 minut"},"schema":{"@context":"https:\/\/schema.org","@graph":[{"@type":"WebPage","@id":"https:\/\/frpadel.ro\/index.php\/2025\/10\/06\/fip-promite-din-2026-incepe-o-noua-era-pentru-circuitul-dedicat-generatiei-viitoare-in-padel\/","url":"https:\/\/frpadel.ro\/index.php\/2025\/10\/06\/fip-promite-din-2026-incepe-o-noua-era-pentru-circuitul-dedicat-generatiei-viitoare-in-padel\/","name":"FIP promite: din 2026 \u00eencepe o nou\u0103 er\u0103 pentru circuitul dedicat genera\u0163iei viitoare \u00een padel - Federatia de Padel din Romania","isPartOf":{"@id":"https:\/\/frpadel.ro\/#website"},"primaryImageOfPage":{"@id":"https:\/\/frpadel.ro\/index.php\/2025\/10\/06\/fip-promite-din-2026-incepe-o-noua-era-pentru-circuitul-dedicat-generatiei-viitoare-in-padel\/#primaryimage"},"image":{"@id":"https:\/\/frpadel.ro\/index.php\/2025\/10\/06\/fip-promite-din-2026-incepe-o-noua-era-pentru-circuitul-dedicat-generatiei-viitoare-in-padel\/#primaryimage"},"thumbnailUrl":"https:\/\/frpadel.ro\/wp-content\/uploads\/2025\/10\/copertina-sito-1024x576-1.webp","datePublished":"2025-10-06T06:39:59+00:00","dateModified":"2025-10-06T06:40:38+00:00","author":{"@id":"https:\/\/frpadel.ro\/#\/schema\/person\/6669a0f650ec513e558cafdf68d98036"},"breadcrumb":{"@id":"https:\/\/frpadel.ro\/index.php\/2025\/10\/06\/fip-promite-din-2026-incepe-o-noua-era-pentru-circuitul-dedicat-generatiei-viitoare-in-padel\/#breadcrumb"},"inLanguage":"ro-RO","potentialAction":[{"@type":"ReadAction","target":["https:\/\/frpadel.ro\/index.php\/2025\/10\/06\/fip-promite-din-2026-incepe-o-noua-era-pentru-circuitul-dedicat-generatiei-viitoare-in-padel\/"]}]},{"@type":"ImageObject","inLanguage":"ro-RO","@id":"https:\/\/frpadel.ro\/index.php\/2025\/10\/06\/fip-promite-din-2026-incepe-o-noua-era-pentru-circuitul-dedicat-generatiei-viitoare-in-padel\/#primaryimage","url":"https:\/\/frpadel.ro\/wp-content\/uploads\/2025\/10\/copertina-sito-1024x576-1.webp","contentUrl":"https:\/\/frpadel.ro\/wp-content\/uploads\/2025\/10\/copertina-sito-1024x576-1.webp","width":1024,"height":576},{"@type":"BreadcrumbList","@id":"https:\/\/frpadel.ro\/index.php\/2025\/10\/06\/fip-promite-din-2026-incepe-o-noua-era-pentru-circuitul-dedicat-generatiei-viitoare-in-padel\/#breadcrumb","itemListElement":[{"@type":"ListItem","position":1,"name":"Prima pagin\u0103","item":"https:\/\/frpadel.ro\/"},{"@type":"ListItem","position":2,"name":"FIP promite: din 2026 \u00eencepe o nou\u0103 er\u0103 pentru circuitul dedicat genera\u0163iei viitoare \u00een padel"}]},{"@type":"WebSite","@id":"https:\/\/frpadel.ro\/#website","url":"https:\/\/frpadel.ro\/","name":"Federatia de Padel din Romania","description":"Website-ul Federa\u021biei de Padel din Rom\u00e2nia","potentialAction":[{"@type":"SearchAction","target":{"@type":"EntryPoint","urlTemplate":"https:\/\/frpadel.ro\/?s={search_term_string}"},"query-input":{"@type":"PropertyValueSpecification","valueRequired":true,"valueName":"search_term_string"}}],"inLanguage":"ro-RO"},{"@type":"Person","@id":"https:\/\/frpadel.ro\/#\/schema\/person\/6669a0f650ec513e558cafdf68d98036","name":"Federatia de Padel","image":{"@type":"ImageObject","inLanguage":"ro-RO","@id":"https:\/\/frpadel.ro\/#\/schema\/person\/image\/","url":"https:\/\/secure.gravatar.com\/avatar\/2984a1ce75944179eebd7c4148370b6fb63c0230e0a2bbc6f2d9a02192bde491?s=96&d=mm&r=g","contentUrl":"https:\/\/secure.gravatar.com\/avatar\/2984a1ce75944179eebd7c4148370b6fb63c0230e0a2bbc6f2d9a02192bde491?s=96&d=mm&r=g","caption":"Federatia de Padel"},"sameAs":["https:\/\/frpadel.ro"],"url":"https:\/\/frpadel.ro\/index.php\/author\/admin_p93hpmer\/"}]}},"_links":{"self":[{"href":"https:\/\/frpadel.ro\/index.php\/wp-json\/wp\/v2\/posts\/2477","targetHints":{"allow":["GET"]}}],"collection":[{"href":"https:\/\/frpadel.ro\/index.php\/wp-json\/wp\/v2\/posts"}],"about":[{"href":"https:\/\/frpadel.ro\/index.php\/wp-json\/wp\/v2\/types\/post"}],"author":[{"embeddable":true,"href":"https:\/\/frpadel.ro\/index.php\/wp-json\/wp\/v2\/users\/1"}],"replies":[{"embeddable":true,"href":"https:\/\/frpadel.ro\/index.php\/wp-json\/wp\/v2\/comments?post=2477"}],"version-history":[{"count":4,"href":"https:\/\/frpadel.ro\/index.php\/wp-json\/wp\/v2\/posts\/2477\/revisions"}],"predecessor-version":[{"id":2483,"href":"https:\/\/frpadel.ro\/index.php\/wp-json\/wp\/v2\/posts\/2477\/revisions\/2483"}],"wp:featuredmedia":[{"embeddable":true,"href":"https:\/\/frpadel.ro\/index.php\/wp-json\/wp\/v2\/media\/2478"}],"wp:attachment":[{"href":"https:\/\/frpadel.ro\/index.php\/wp-json\/wp\/v2\/media?parent=2477"}],"wp:term":[{"taxonomy":"category","embeddable":true,"href":"https:\/\/frpadel.ro\/index.php\/wp-json\/wp\/v2\/categories?post=2477"},{"taxonomy":"post_tag","embeddable":true,"href":"https:\/\/frpadel.ro\/index.php\/wp-json\/wp\/v2\/tags?post=2477"}],"curies":[{"name":"wp","href":"https:\/\/api.w.org\/{rel}","templated":true}]}}