{"id":2428,"date":"2025-07-31T12:46:27","date_gmt":"2025-07-31T09:46:27","guid":{"rendered":"https:\/\/frpadel.ro\/?p=2428"},"modified":"2025-07-31T12:49:40","modified_gmt":"2025-07-31T09:49:40","slug":"primul-arbitru-roman-la-un-turneu-fip-in-germania","status":"publish","type":"post","link":"https:\/\/frpadel.ro\/index.php\/2025\/07\/31\/primul-arbitru-roman-la-un-turneu-fip-in-germania\/","title":{"rendered":"Primul arbitru rom\u00e2n la un turneu FIP, \u00een Germania!"},"content":{"rendered":"<div class=\"wpb-content-wrapper\"><p>[vc_row][vc_column][vc_column_text css=&#8221;&#8221;]<\/p>\n<p data-start=\"145\" data-end=\"310\">Federa\u021bia de Padel din Rom\u00e2nia anun\u021b\u0103 cu m\u00e2ndrie participarea unui reprezentant la un turneu interna\u021bional sub egida <strong data-start=\"267\" data-end=\"307\">International Padel Federation (FIP)<\/strong>.<\/p>\n<p data-start=\"312\" data-end=\"621\"><strong data-start=\"312\" data-end=\"329\">Calin Motorga<\/strong>, membru al federa\u021biei, a finalizat cu succes primul s\u0103u turneu \u00een calitate de <strong data-start=\"408\" data-end=\"427\">Practice Umpire<\/strong> \u00een cadrul competi\u021biei <strong data-start=\"450\" data-end=\"478\">FIP Promises Wallau 2025<\/strong>, desf\u0103\u0219urat\u0103 \u00een Germania.<br data-start=\"504\" data-end=\"507\" \/>\u00cen imagine, Calin apare al\u0103turi de <strong data-start=\"542\" data-end=\"558\">Dierk Menard<\/strong>, arbitrul principal al turneului, \u0219i de echipa oficial\u0103 FIP.<\/p>\n<p data-start=\"623\" data-end=\"829\">Aceast\u0103 reu\u0219it\u0103 reprezint\u0103 un pas important \u00een procesul de formare \u0219i acreditare interna\u021bional\u0103 a arbitrilor rom\u00e2ni, consolid\u00e2nd astfel prezen\u021ba Rom\u00e2niei \u00een structurile oficiale ale arbitrajului de padel.<\/p>\n<p data-start=\"831\" data-end=\"942\">\ud83d\udccc Detalii despre eveniment: <a class=\"\" href=\"https:\/\/www.padelfip.com\/events\/fip-promises-wallau\/\" target=\"_new\" rel=\"noopener\" data-start=\"860\" data-end=\"940\">FIP Promises Wallau 2025<\/a><\/p>\n<p data-start=\"944\" data-end=\"1062\">Felicit\u0103ri, Calin, pentru debutul excelent! \ud83d\udc4f<br data-start=\"990\" data-end=\"993\" \/>\u00cempreun\u0103, dezvolt\u0103m padelul rom\u00e2nesc la nivel interna\u021bional! \ud83c\uddf7\ud83c\uddf4\ud83c\udfbe<\/p>\n<p>[\/vc_column_text][\/vc_column][\/vc_row]<\/p>\n<\/div>","protected":false},"excerpt":{"rendered":"<p>[vc_row][vc_column][vc_column_text css=&#8221;&#8221;] Federa\u021bia de Padel din Rom\u00e2nia anun\u021b\u0103 cu m\u00e2ndrie participarea unui reprezentant la un turneu interna\u021bional sub egida International Padel Federation (FIP). Calin Motorga, membru al federa\u021biei, a finalizat cu succes primul s\u0103u turneu \u00een calitate de Practice Umpire \u00een cadrul competi\u021biei FIP Promises Wallau 2025, desf\u0103\u0219urat\u0103 \u00een Germania.\u00cen imagine, Calin apare al\u0103turi de&#8230;<\/p>\n","protected":false},"author":1,"featured_media":2429,"comment_status":"open","ping_status":"open","sticky":false,"template":"","format":"standard","meta":{"_acf_changed":false,"footnotes":""},"categories":[100],"tags":[],"class_list":["post-2428","post","type-post","status-publish","format-standard","has-post-thumbnail","hentry","category-anunturi"],"acf":[],"yoast_head":"<!-- This site is optimized with the Yoast SEO Premium plugin v26.0 (Yoast SEO v26.0) - https:\/\/yoast.com\/wordpress\/plugins\/seo\/ -->\n<title>Primul arbitru rom\u00e2n la un turneu FIP, \u00een Germania! - Federatia de Padel din Romania<\/title>\n<meta name=\"robots\" content=\"index, follow, max-snippet:-1, max-image-preview:large, max-video-preview:-1\" \/>\n<link rel=\"canonical\" href=\"https:\/\/frpadel.ro\/index.php\/2025\/07\/31\/primul-arbitru-roman-la-un-turneu-fip-in-germania\/\" \/>\n<meta property=\"og:locale\" content=\"ro_RO\" \/>\n<meta property=\"og:type\" content=\"article\" \/>\n<meta property=\"og:title\" content=\"Primul arbitru rom\u00e2n la un turneu FIP, \u00een Germania!\" \/>\n<meta property=\"og:description\" content=\"[vc_row][vc_column][vc_column_text css=&#8221;&#8221;] Federa\u021bia de Padel din Rom\u00e2nia anun\u021b\u0103 cu m\u00e2ndrie participarea unui reprezentant la un turneu interna\u021bional sub egida International Padel Federation (FIP). Calin Motorga, membru al federa\u021biei, a finalizat cu succes primul s\u0103u turneu \u00een calitate de Practice Umpire \u00een cadrul competi\u021biei FIP Promises Wallau 2025, desf\u0103\u0219urat\u0103 \u00een Germania.\u00cen imagine, Calin apare al\u0103turi de...\" \/>\n<meta property=\"og:url\" content=\"https:\/\/frpadel.ro\/index.php\/2025\/07\/31\/primul-arbitru-roman-la-un-turneu-fip-in-germania\/\" \/>\n<meta property=\"og:site_name\" content=\"Federatia de Padel din Romania\" \/>\n<meta property=\"article:published_time\" content=\"2025-07-31T09:46:27+00:00\" \/>\n<meta property=\"article:modified_time\" content=\"2025-07-31T09:49:40+00:00\" \/>\n<meta property=\"og:image\" content=\"https:\/\/frpadel.ro\/wp-content\/uploads\/2025\/07\/WhatsApp-Image-2025-07-30-at-15.42.51_800f3628.jpg\" \/>\n\t<meta property=\"og:image:width\" content=\"1600\" \/>\n\t<meta property=\"og:image:height\" content=\"1066\" \/>\n\t<meta property=\"og:image:type\" content=\"image\/jpeg\" \/>\n<meta name=\"author\" content=\"Federatia de Padel\" \/>\n<meta name=\"twitter:card\" content=\"summary_large_image\" \/>\n<meta name=\"twitter:label1\" content=\"Scris de\" \/>\n\t<meta name=\"twitter:data1\" content=\"Federatia de Padel\" \/>\n\t<meta name=\"twitter:label2\" content=\"Timp estimat pentru citire\" \/>\n\t<meta name=\"twitter:data2\" content=\"1 minut\" \/>\n<script type=\"application\/ld+json\" class=\"yoast-schema-graph\">{\"@context\":\"https:\/\/schema.org\",\"@graph\":[{\"@type\":\"WebPage\",\"@id\":\"https:\/\/frpadel.ro\/index.php\/2025\/07\/31\/primul-arbitru-roman-la-un-turneu-fip-in-germania\/\",\"url\":\"https:\/\/frpadel.ro\/index.php\/2025\/07\/31\/primul-arbitru-roman-la-un-turneu-fip-in-germania\/\",\"name\":\"Primul arbitru rom\u00e2n la un turneu FIP, \u00een Germania! - Federatia de Padel din Romania\",\"isPartOf\":{\"@id\":\"https:\/\/frpadel.ro\/#website\"},\"primaryImageOfPage\":{\"@id\":\"https:\/\/frpadel.ro\/index.php\/2025\/07\/31\/primul-arbitru-roman-la-un-turneu-fip-in-germania\/#primaryimage\"},\"image\":{\"@id\":\"https:\/\/frpadel.ro\/index.php\/2025\/07\/31\/primul-arbitru-roman-la-un-turneu-fip-in-germania\/#primaryimage\"},\"thumbnailUrl\":\"https:\/\/frpadel.ro\/wp-content\/uploads\/2025\/07\/WhatsApp-Image-2025-07-30-at-15.42.51_800f3628.jpg\",\"datePublished\":\"2025-07-31T09:46:27+00:00\",\"dateModified\":\"2025-07-31T09:49:40+00:00\",\"author\":{\"@id\":\"https:\/\/frpadel.ro\/#\/schema\/person\/6669a0f650ec513e558cafdf68d98036\"},\"breadcrumb\":{\"@id\":\"https:\/\/frpadel.ro\/index.php\/2025\/07\/31\/primul-arbitru-roman-la-un-turneu-fip-in-germania\/#breadcrumb\"},\"inLanguage\":\"ro-RO\",\"potentialAction\":[{\"@type\":\"ReadAction\",\"target\":[\"https:\/\/frpadel.ro\/index.php\/2025\/07\/31\/primul-arbitru-roman-la-un-turneu-fip-in-germania\/\"]}]},{\"@type\":\"ImageObject\",\"inLanguage\":\"ro-RO\",\"@id\":\"https:\/\/frpadel.ro\/index.php\/2025\/07\/31\/primul-arbitru-roman-la-un-turneu-fip-in-germania\/#primaryimage\",\"url\":\"https:\/\/frpadel.ro\/wp-content\/uploads\/2025\/07\/WhatsApp-Image-2025-07-30-at-15.42.51_800f3628.jpg\",\"contentUrl\":\"https:\/\/frpadel.ro\/wp-content\/uploads\/2025\/07\/WhatsApp-Image-2025-07-30-at-15.42.51_800f3628.jpg\",\"width\":1600,\"height\":1066},{\"@type\":\"BreadcrumbList\",\"@id\":\"https:\/\/frpadel.ro\/index.php\/2025\/07\/31\/primul-arbitru-roman-la-un-turneu-fip-in-germania\/#breadcrumb\",\"itemListElement\":[{\"@type\":\"ListItem\",\"position\":1,\"name\":\"Prima pagin\u0103\",\"item\":\"https:\/\/frpadel.ro\/\"},{\"@type\":\"ListItem\",\"position\":2,\"name\":\"Primul arbitru rom\u00e2n la un turneu FIP, \u00een Germania!\"}]},{\"@type\":\"WebSite\",\"@id\":\"https:\/\/frpadel.ro\/#website\",\"url\":\"https:\/\/frpadel.ro\/\",\"name\":\"Federatia de Padel din Romania\",\"description\":\"Website-ul Federa\u021biei de Padel din Rom\u00e2nia\",\"potentialAction\":[{\"@type\":\"SearchAction\",\"target\":{\"@type\":\"EntryPoint\",\"urlTemplate\":\"https:\/\/frpadel.ro\/?s={search_term_string}\"},\"query-input\":{\"@type\":\"PropertyValueSpecification\",\"valueRequired\":true,\"valueName\":\"search_term_string\"}}],\"inLanguage\":\"ro-RO\"},{\"@type\":\"Person\",\"@id\":\"https:\/\/frpadel.ro\/#\/schema\/person\/6669a0f650ec513e558cafdf68d98036\",\"name\":\"Federatia de Padel\",\"image\":{\"@type\":\"ImageObject\",\"inLanguage\":\"ro-RO\",\"@id\":\"https:\/\/frpadel.ro\/#\/schema\/person\/image\/\",\"url\":\"https:\/\/secure.gravatar.com\/avatar\/2984a1ce75944179eebd7c4148370b6fb63c0230e0a2bbc6f2d9a02192bde491?s=96&d=mm&r=g\",\"contentUrl\":\"https:\/\/secure.gravatar.com\/avatar\/2984a1ce75944179eebd7c4148370b6fb63c0230e0a2bbc6f2d9a02192bde491?s=96&d=mm&r=g\",\"caption\":\"Federatia de Padel\"},\"sameAs\":[\"https:\/\/frpadel.ro\"],\"url\":\"https:\/\/frpadel.ro\/index.php\/author\/admin_p93hpmer\/\"}]}<\/script>\n<!-- \/ Yoast SEO Premium plugin. -->","yoast_head_json":{"title":"Primul arbitru rom\u00e2n la un turneu FIP, \u00een Germania! - Federatia de Padel din Romania","robots":{"index":"index","follow":"follow","max-snippet":"max-snippet:-1","max-image-preview":"max-image-preview:large","max-video-preview":"max-video-preview:-1"},"canonical":"https:\/\/frpadel.ro\/index.php\/2025\/07\/31\/primul-arbitru-roman-la-un-turneu-fip-in-germania\/","og_locale":"ro_RO","og_type":"article","og_title":"Primul arbitru rom\u00e2n la un turneu FIP, \u00een Germania!","og_description":"[vc_row][vc_column][vc_column_text css=&#8221;&#8221;] Federa\u021bia de Padel din Rom\u00e2nia anun\u021b\u0103 cu m\u00e2ndrie participarea unui reprezentant la un turneu interna\u021bional sub egida International Padel Federation (FIP). Calin Motorga, membru al federa\u021biei, a finalizat cu succes primul s\u0103u turneu \u00een calitate de Practice Umpire \u00een cadrul competi\u021biei FIP Promises Wallau 2025, desf\u0103\u0219urat\u0103 \u00een Germania.\u00cen imagine, Calin apare al\u0103turi de...","og_url":"https:\/\/frpadel.ro\/index.php\/2025\/07\/31\/primul-arbitru-roman-la-un-turneu-fip-in-germania\/","og_site_name":"Federatia de Padel din Romania","article_published_time":"2025-07-31T09:46:27+00:00","article_modified_time":"2025-07-31T09:49:40+00:00","og_image":[{"width":1600,"height":1066,"url":"https:\/\/frpadel.ro\/wp-content\/uploads\/2025\/07\/WhatsApp-Image-2025-07-30-at-15.42.51_800f3628.jpg","type":"image\/jpeg"}],"author":"Federatia de Padel","twitter_card":"summary_large_image","twitter_misc":{"Scris de":"Federatia de Padel","Timp estimat pentru citire":"1 minut"},"schema":{"@context":"https:\/\/schema.org","@graph":[{"@type":"WebPage","@id":"https:\/\/frpadel.ro\/index.php\/2025\/07\/31\/primul-arbitru-roman-la-un-turneu-fip-in-germania\/","url":"https:\/\/frpadel.ro\/index.php\/2025\/07\/31\/primul-arbitru-roman-la-un-turneu-fip-in-germania\/","name":"Primul arbitru rom\u00e2n la un turneu FIP, \u00een Germania! - Federatia de Padel din Romania","isPartOf":{"@id":"https:\/\/frpadel.ro\/#website"},"primaryImageOfPage":{"@id":"https:\/\/frpadel.ro\/index.php\/2025\/07\/31\/primul-arbitru-roman-la-un-turneu-fip-in-germania\/#primaryimage"},"image":{"@id":"https:\/\/frpadel.ro\/index.php\/2025\/07\/31\/primul-arbitru-roman-la-un-turneu-fip-in-germania\/#primaryimage"},"thumbnailUrl":"https:\/\/frpadel.ro\/wp-content\/uploads\/2025\/07\/WhatsApp-Image-2025-07-30-at-15.42.51_800f3628.jpg","datePublished":"2025-07-31T09:46:27+00:00","dateModified":"2025-07-31T09:49:40+00:00","author":{"@id":"https:\/\/frpadel.ro\/#\/schema\/person\/6669a0f650ec513e558cafdf68d98036"},"breadcrumb":{"@id":"https:\/\/frpadel.ro\/index.php\/2025\/07\/31\/primul-arbitru-roman-la-un-turneu-fip-in-germania\/#breadcrumb"},"inLanguage":"ro-RO","potentialAction":[{"@type":"ReadAction","target":["https:\/\/frpadel.ro\/index.php\/2025\/07\/31\/primul-arbitru-roman-la-un-turneu-fip-in-germania\/"]}]},{"@type":"ImageObject","inLanguage":"ro-RO","@id":"https:\/\/frpadel.ro\/index.php\/2025\/07\/31\/primul-arbitru-roman-la-un-turneu-fip-in-germania\/#primaryimage","url":"https:\/\/frpadel.ro\/wp-content\/uploads\/2025\/07\/WhatsApp-Image-2025-07-30-at-15.42.51_800f3628.jpg","contentUrl":"https:\/\/frpadel.ro\/wp-content\/uploads\/2025\/07\/WhatsApp-Image-2025-07-30-at-15.42.51_800f3628.jpg","width":1600,"height":1066},{"@type":"BreadcrumbList","@id":"https:\/\/frpadel.ro\/index.php\/2025\/07\/31\/primul-arbitru-roman-la-un-turneu-fip-in-germania\/#breadcrumb","itemListElement":[{"@type":"ListItem","position":1,"name":"Prima pagin\u0103","item":"https:\/\/frpadel.ro\/"},{"@type":"ListItem","position":2,"name":"Primul arbitru rom\u00e2n la un turneu FIP, \u00een Germania!"}]},{"@type":"WebSite","@id":"https:\/\/frpadel.ro\/#website","url":"https:\/\/frpadel.ro\/","name":"Federatia de Padel din Romania","description":"Website-ul Federa\u021biei de Padel din Rom\u00e2nia","potentialAction":[{"@type":"SearchAction","target":{"@type":"EntryPoint","urlTemplate":"https:\/\/frpadel.ro\/?s={search_term_string}"},"query-input":{"@type":"PropertyValueSpecification","valueRequired":true,"valueName":"search_term_string"}}],"inLanguage":"ro-RO"},{"@type":"Person","@id":"https:\/\/frpadel.ro\/#\/schema\/person\/6669a0f650ec513e558cafdf68d98036","name":"Federatia de Padel","image":{"@type":"ImageObject","inLanguage":"ro-RO","@id":"https:\/\/frpadel.ro\/#\/schema\/person\/image\/","url":"https:\/\/secure.gravatar.com\/avatar\/2984a1ce75944179eebd7c4148370b6fb63c0230e0a2bbc6f2d9a02192bde491?s=96&d=mm&r=g","contentUrl":"https:\/\/secure.gravatar.com\/avatar\/2984a1ce75944179eebd7c4148370b6fb63c0230e0a2bbc6f2d9a02192bde491?s=96&d=mm&r=g","caption":"Federatia de Padel"},"sameAs":["https:\/\/frpadel.ro"],"url":"https:\/\/frpadel.ro\/index.php\/author\/admin_p93hpmer\/"}]}},"_links":{"self":[{"href":"https:\/\/frpadel.ro\/index.php\/wp-json\/wp\/v2\/posts\/2428","targetHints":{"allow":["GET"]}}],"collection":[{"href":"https:\/\/frpadel.ro\/index.php\/wp-json\/wp\/v2\/posts"}],"about":[{"href":"https:\/\/frpadel.ro\/index.php\/wp-json\/wp\/v2\/types\/post"}],"author":[{"embeddable":true,"href":"https:\/\/frpadel.ro\/index.php\/wp-json\/wp\/v2\/users\/1"}],"replies":[{"embeddable":true,"href":"https:\/\/frpadel.ro\/index.php\/wp-json\/wp\/v2\/comments?post=2428"}],"version-history":[{"count":4,"href":"https:\/\/frpadel.ro\/index.php\/wp-json\/wp\/v2\/posts\/2428\/revisions"}],"predecessor-version":[{"id":2433,"href":"https:\/\/frpadel.ro\/index.php\/wp-json\/wp\/v2\/posts\/2428\/revisions\/2433"}],"wp:featuredmedia":[{"embeddable":true,"href":"https:\/\/frpadel.ro\/index.php\/wp-json\/wp\/v2\/media\/2429"}],"wp:attachment":[{"href":"https:\/\/frpadel.ro\/index.php\/wp-json\/wp\/v2\/media?parent=2428"}],"wp:term":[{"taxonomy":"category","embeddable":true,"href":"https:\/\/frpadel.ro\/index.php\/wp-json\/wp\/v2\/categories?post=2428"},{"taxonomy":"post_tag","embeddable":true,"href":"https:\/\/frpadel.ro\/index.php\/wp-json\/wp\/v2\/tags?post=2428"}],"curies":[{"name":"wp","href":"https:\/\/api.w.org\/{rel}","templated":true}]}}