{"id":2382,"date":"2025-07-14T11:29:17","date_gmt":"2025-07-14T08:29:17","guid":{"rendered":"https:\/\/frpadel.ro\/?p=2382"},"modified":"2025-07-14T11:29:26","modified_gmt":"2025-07-14T08:29:26","slug":"premiera-istorica-a-romaniei-la-campionatul-european-de-padel-rezultate-excelente-la-debutul-international","status":"publish","type":"post","link":"https:\/\/frpadel.ro\/index.php\/2025\/07\/14\/premiera-istorica-a-romaniei-la-campionatul-european-de-padel-rezultate-excelente-la-debutul-international\/","title":{"rendered":"Premiera istoric\u0103 a Rom\u00e2niei la Campionatul European de padel: rezultate excelente la debutul interna\u021bional"},"content":{"rendered":"<div class=\"wpb-content-wrapper\"><p>[vc_row][vc_column][vc_column_text css=&#8221;&#8221;]<strong>Premiera istoric\u0103 a Rom\u00e2niei la Campionatul European de padel: rezultate excelente la debutul interna\u021bional<\/strong><\/p>\n<p>Rom\u00e2nia a scris istorie \u00een sportul rom\u00e2nesc, marc\u00e2nd o dubl\u0103 premier\u0103 de excep\u021bie: pentru prima dat\u0103, Lotul Na\u021bional de padel al \u021b\u0103rii noastre a participat la un Campionat European \u0219i nu oricum, ci ob\u021bin\u00e2nd rezultate remarcabile \u00een fa\u021ba unor adversari de top.<\/p>\n<p>Sub egida <a href=\"https:\/\/frpadel.ro\/\">Federa\u021biei de Padel din Rom\u00e2nia<\/a>, \u00een perioada 7\u201313 iulie 2025, echipa na\u021bional\u0103 a evoluat \u00een cadrul prestigioasei\u00a0<strong>FIP Euro Padel Cup<\/strong>, desf\u0103\u0219urat\u0103 la Madrid, Spania \u2013 una dintre cele mai importante competi\u021bii europene de padel.<\/p>\n<p>Debutul istoric al Rom\u00e2niei a fost mai mult dec\u00e2t onorabil: la prima confruntare cu elitele padelului european, sportivii rom\u00e2ni au demonstrat determinare \u0219i valoare. Echipa masculin\u0103 s-a clasat pe locul 2 \u00een grup\u0103, iar echipa feminin\u0103 a ocupat locul 3, \u00eentr-o competi\u021bie extrem de disputat\u0103.<br \/>\nRezultatele sunt cu at\u00e2t mai impresionante cu c\u00e2t, la prima sa participare la un campionat de padel profesionist european, Rom\u00e2nia a \u00eenfruntat adversari puternici, precum Finlanda (la masculin) \u0219i Grecia (la feminin) \u2013 echipe considerate favorite ale turneului.<br \/>\nDe remarcat este \u0219i victoria categoric\u0103 a b\u0103ie\u021bilor \u00een fa\u021ba echipei Andorei, cu un scor final de 3\u20130. Un alt rezultat deosebit a fost cel ob\u021binut \u00een fa\u021ba echipei Luxemburgului, 2\u20131.<br \/>\nDe\u0219i ambele echipe ale Lotului Na\u021bional al Rom\u00e2niei au p\u0103r\u0103sit competi\u021bia \u00een prima faz\u0103 eliminatorie, \u021bara noastr\u0103 a demonstrat, chiar de la prima participare european\u0103, c\u0103 este o for\u021b\u0103 \u00een ascensiune \u00een lumea padelului. Acest debut promi\u021b\u0103tor nu este doar o realizare sportiv\u0103, ci un pas important spre consolidarea pozi\u021biei Rom\u00e2niei \u00een padel la nivel interna\u021bional.<\/p>\n<p>Componen\u021ba Lotului Na\u021bional de padel al Rom\u00e2niei a reunit cei mai buni juc\u0103tori de padel din \u021bar\u0103. La masculin, Rom\u00e2nia a fost reprezentat\u0103 de: Armand Baboian, Robert Coman, Horia Nedelcu, Silviu Popescu, Denis Mocanu, Robert Popescu. La feminin, lotul a fost compus din: Giulia Naicu, Elisa S\u0103raru, Cristina Aiello, Alice Radu, Emilia Feodorovici \u0219i Roxana Jianu. Sportivii au fost \u00eenso\u021bi\u021bi de reputatul tehnician Rafael Eduardo Morena de la Torre, un nume bine-cunoscut \u00een circuitul interna\u021bional de padel, antrenorul echipei na\u021bionale.<\/p>\n<p>Reprezentantul oficial al delega\u021biei din partea Federa\u021biei de Padel din Rom\u00e2nia, Lucian Perescu, a subliniat c\u00e2t de important\u0103 a fost prezen\u021ba Rom\u00e2niei la o prim\u0103 competi\u021bie european\u0103 profesionist\u0103 sub egida Federa\u021biei Interna\u021bionale de Padel.<\/p>\n<p><em>\u201eParticiparea Rom\u00e2niei la<\/em><em>\u00a0<\/em><a href=\"https:\/\/www.padelfip.com\/events\/fip-euro-padel-cup-2025\/?tab=Results\"><em>FIP Euro Padel Cup 2025\u00a0<\/em><\/a><em>reprezint\u0103 un moment cu adev\u0103rat istoric pentru sportul rom\u00e2nesc. Pentru prima dat\u0103, echipele noastre na\u021bionale au evoluat \u00een cadrul unei competi\u021bii europene de anvergur\u0103, al\u0103turi de cele mai puternice na\u021biuni din padelul continental. Faptul c\u0103, la acest debut, am reu\u0219it s\u0103 ob\u021binem rezultate remarcabile \u00een fa\u021ba unor adversari consacra\u021bi demonstreaz\u0103 nu doar valoarea sportivilor no\u0219tri, ci \u0219i maturitatea evident\u0103 a padelului rom\u00e2nesc. Participarea Lotului Na\u021bional la<\/em><em>\u00a0<\/em><strong><em>FIP Euro Padel Cup 2025<\/em><\/strong><em>\u00a0<\/em><em>este rezultatul muncii \u0219i pasiunii pe care sportivii, antrenorul \u0219i \u00eentreaga comunitate de padel din \u021bara noastr\u0103 le-au investit \u00een dezvoltarea acestui sport \u0219i reprezint\u0103 o born\u0103 esen\u021bial\u0103 \u00een afirmarea Rom\u00e2niei pe harta padelului interna\u021bional. Este o mare onoare s\u0103 avem o echip\u0103 at\u00e2t de bine conturat\u0103, tehnic \u0219i sportiv \u0219i, \u00een egal\u0103 m\u0103sur\u0103, este o imens\u0103 onoare s\u0103 reprezent\u0103m Rom\u00e2nia pe o scen\u0103 at\u00e2t de important\u0103\u201d, a declarat Lucian Perescu.<\/em><\/p>\n<p>Prezen\u021ba Rom\u00e2niei la\u00a0<strong>FIP Euro Padel Cup 2025, deplasare realizat\u0103 cu ajutorul sponsorilor <\/strong><a href=\"https:\/\/constructim.ro\/\">Constructim SA<\/a><strong> \u0219i <\/strong><a href=\"https:\/\/www.mewi.ro\/\">MEWI Rom\u00e2nia<\/a><strong>,<\/strong>\u00a0este un pas esen\u021bial \u00een drumul spre performan\u021b\u0103 interna\u021bional\u0103 \u0219i un mesaj puternic pentru tinerii sportivi rom\u00e2ni: padelul are viitor \u00een Rom\u00e2nia.<\/p>\n<h3><strong>FIP Euro Padel Cup 2025 (7\u201313 iulie, Madrid)<\/strong><\/h3>\n<p><strong>FIP Euro Padel Cup<\/strong>\u00a0este cea mai prestigioas\u0103 competi\u021bie european\u0103 de padel, organizat\u0103 de Federa\u021bia Interna\u021bional\u0103 de Padel (FIP), \u00een parteneriat cu Padel Europe \u0219i, pentru edi\u021bia din Madrid, cu sprijinul Federa\u021biei Spaniole de Padel (FEP).<br \/>\nEvenimentul a avut loc pe terenurile\u00a0<strong>Padel G24<\/strong>\u00a0din Madrid \u0219i a reunit un num\u0103r record de participan\u021bi: 59 de echipe na\u021bionale, dintre care 32 masculine \u0219i 27 feminine.<\/p>\n<h3><strong>Padelul explodeaz\u0103 la nivel mondial: cifrele unei ascensiuni spectaculoase<\/strong><\/h3>\n<p>Cifrele oficiale recente arat\u0103 c\u0103 padelul se afirm\u0103 ca unul dintre cele mai dinamice sporturi din lume, \u00eenregistr\u00e2nd o cre\u0219tere fulminant\u0103 at\u00e2t la nivel de infrastructur\u0103, c\u00e2t \u0219i de practic\u0103 \u0219i recunoa\u0219tere interna\u021bional\u0103.<br \/>\nRom\u00e2nia nu face excep\u021bie de la acest trend mondial, dovedind c\u0103 \u0219i \u00een \u021bara noastr\u0103 padelul nu mai este un fenomen de ni\u0219\u0103, ci o mi\u0219care sportiv\u0103 aliniat\u0103 la cea global\u0103. Cu investi\u021bii semnificative \u00een infrastructur\u0103, o baz\u0103 tot mai larg\u0103 de practican\u021bi \u0219i un interes constant pe plan competi\u021bional, acest sport are toate premisele s\u0103 devin\u0103 un pilon al sportului interna\u021bional \u00een urm\u0103torii ani.<\/p>\n<p>Conform statisticilor <a href=\"https:\/\/www.padelfip.com\/\">Federa\u021biei Interna\u021bionale de Padel<\/a>, \u00een acest an se \u00eenregistreaz\u0103 deja peste 30 de milioane de juc\u0103tori activi la nivel mondial, o cre\u0219tere uria\u0219\u0103 fa\u021b\u0103 de cele 8 milioane raportate \u00een 2018.<br \/>\nInfrastructura padelului a cunoscut un salt spectaculos \u00een 2024, c\u00e2nd s-au deschis 3.282 de cluburi la nivel global \u2013 echivalentul a aproape 9 cluburi noi \u00een fiecare zi. Astfel, num\u0103rul terenurilor de padel a dep\u0103\u0219it pragul de 50.000 la nivel mondial, marc\u00e2nd o cre\u0219tere de 17% fa\u021b\u0103 de anul precedent.<\/p>\n<p>\u00cen paralel, num\u0103rul \u021b\u0103rilor \u00een care se joac\u0103 padel a ajuns la aproximativ 150, iar Federa\u021bia Interna\u021bional\u0103 de Padel (FIP) a atins \u00een 2025 un total de 87 de federa\u021bii na\u021bionale membre \u2013 cu 16 noi ader\u0103ri doar \u00een primele \u0219ase luni ale anului.<br \/>\nPadelul este un sport jucat \u00een \u00eentreaga lume, cu o distribu\u021bie clar\u0103 a practicii. Europa r\u0103m\u00e2ne lider, cu aproximativ 60% dintre juc\u0103tori.<\/p>\n<p>Sunt deja \u021b\u0103ri \u00een care padelul dep\u0103\u0219e\u0219te tenisul \u00een popularitate. Spania este liderul incontestabil, cu peste 6 milioane de practican\u021bi activi, fa\u021b\u0103 de aproximativ 3 milioane \u00een tenis. Aici padelul e al doilea cel mai jucat sport, dup\u0103 fotbal. \u00cen Suedia, padelul a devenit mai popular dec\u00e2t tenisul, cu 540.000 de juc\u0103tori, fa\u021b\u0103 de 400.000. Datele din Google Trends sus\u021bin aceast\u0103 cre\u0219tere accelerat\u0103, \u00eencep\u00e2nd cu anul 2019. \u0218i Portugalia urmeaz\u0103 aceea\u0219i tendin\u021b\u0103, cu 250.000 de juc\u0103tori de padel \u0219i doar 169.000 \u00een tenis, conform unui raport Deloitte\u2013Playtomic.<\/p>\n<p>Sursa foto: Anamaria Bodescu<\/p>\n<p>*mai multe imagini: https:\/\/bodescu-anamariia.wfolio.pro\/disk\/euro-padel-cup-2025-07-08[\/vc_column_text][\/vc_column][\/vc_row][vc_row][vc_column][vc_gallery interval=&#8221;3&#8243; images=&#8221;2385,2386,2387,2388,2389,2390,2391,2392,2393,2394,2395,2396,2397,2398,2399,2400,2401,2402,2403,2404,2405,2406,2407&#8243; img_size=&#8221;medium&#8221; css=&#8221;&#8221;][\/vc_column][\/vc_row]<\/p>\n<\/div>","protected":false},"excerpt":{"rendered":"<p>Rom\u00e2nia a scris istorie \u00een sportul rom\u00e2nesc, marc\u00e2nd o dubl\u0103 premier\u0103 de excep\u021bie: pentru prima dat\u0103, Lotul Na\u021bional de padel al \u021b\u0103rii noastre a participat la un Campionat European \u0219i nu oricum, ci ob\u021bin\u00e2nd rezultate remarcabile \u00een fa\u021ba unor adversari de top.<\/p>\n","protected":false},"author":1,"featured_media":2383,"comment_status":"open","ping_status":"open","sticky":false,"template":"","format":"standard","meta":{"_acf_changed":false,"footnotes":""},"categories":[88],"tags":[],"class_list":["post-2382","post","type-post","status-publish","format-standard","has-post-thumbnail","hentry","category-competitii"],"acf":[],"yoast_head":"<!-- This site is optimized with the Yoast SEO Premium plugin v26.0 (Yoast SEO v26.0) - https:\/\/yoast.com\/wordpress\/plugins\/seo\/ -->\n<title>Premiera istoric\u0103 a Rom\u00e2niei la Campionatul European de padel: rezultate excelente la debutul interna\u021bional - Federatia de Padel din Romania<\/title>\n<meta name=\"robots\" content=\"index, follow, max-snippet:-1, max-image-preview:large, max-video-preview:-1\" \/>\n<link rel=\"canonical\" href=\"https:\/\/frpadel.ro\/index.php\/2025\/07\/14\/premiera-istorica-a-romaniei-la-campionatul-european-de-padel-rezultate-excelente-la-debutul-international\/\" \/>\n<meta property=\"og:locale\" content=\"ro_RO\" \/>\n<meta property=\"og:type\" content=\"article\" \/>\n<meta property=\"og:title\" content=\"Premiera istoric\u0103 a Rom\u00e2niei la Campionatul European de padel: rezultate excelente la debutul interna\u021bional\" \/>\n<meta property=\"og:description\" content=\"Rom\u00e2nia a scris istorie \u00een sportul rom\u00e2nesc, marc\u00e2nd o dubl\u0103 premier\u0103 de excep\u021bie: pentru prima dat\u0103, Lotul Na\u021bional de padel al \u021b\u0103rii noastre a participat la un Campionat European \u0219i nu oricum, ci ob\u021bin\u00e2nd rezultate remarcabile \u00een fa\u021ba unor adversari de top.\" \/>\n<meta property=\"og:url\" content=\"https:\/\/frpadel.ro\/index.php\/2025\/07\/14\/premiera-istorica-a-romaniei-la-campionatul-european-de-padel-rezultate-excelente-la-debutul-international\/\" \/>\n<meta property=\"og:site_name\" content=\"Federatia de Padel din Romania\" \/>\n<meta property=\"article:published_time\" content=\"2025-07-14T08:29:17+00:00\" \/>\n<meta property=\"article:modified_time\" content=\"2025-07-14T08:29:26+00:00\" \/>\n<meta property=\"og:image\" content=\"https:\/\/frpadel.ro\/wp-content\/uploads\/2025\/07\/EuroPadelCup-272_resized.jpg\" \/>\n\t<meta property=\"og:image:width\" content=\"2560\" \/>\n\t<meta property=\"og:image:height\" content=\"1707\" \/>\n\t<meta property=\"og:image:type\" content=\"image\/jpeg\" \/>\n<meta name=\"author\" content=\"Federatia de Padel\" \/>\n<meta name=\"twitter:card\" content=\"summary_large_image\" \/>\n<meta name=\"twitter:label1\" content=\"Scris de\" \/>\n\t<meta name=\"twitter:data1\" content=\"Federatia de Padel\" \/>\n\t<meta name=\"twitter:label2\" content=\"Timp estimat pentru citire\" \/>\n\t<meta name=\"twitter:data2\" content=\"6 minute\" \/>\n<script type=\"application\/ld+json\" class=\"yoast-schema-graph\">{\"@context\":\"https:\/\/schema.org\",\"@graph\":[{\"@type\":\"WebPage\",\"@id\":\"https:\/\/frpadel.ro\/index.php\/2025\/07\/14\/premiera-istorica-a-romaniei-la-campionatul-european-de-padel-rezultate-excelente-la-debutul-international\/\",\"url\":\"https:\/\/frpadel.ro\/index.php\/2025\/07\/14\/premiera-istorica-a-romaniei-la-campionatul-european-de-padel-rezultate-excelente-la-debutul-international\/\",\"name\":\"Premiera istoric\u0103 a Rom\u00e2niei la Campionatul European de padel: rezultate excelente la debutul interna\u021bional - Federatia de Padel din Romania\",\"isPartOf\":{\"@id\":\"https:\/\/frpadel.ro\/#website\"},\"primaryImageOfPage\":{\"@id\":\"https:\/\/frpadel.ro\/index.php\/2025\/07\/14\/premiera-istorica-a-romaniei-la-campionatul-european-de-padel-rezultate-excelente-la-debutul-international\/#primaryimage\"},\"image\":{\"@id\":\"https:\/\/frpadel.ro\/index.php\/2025\/07\/14\/premiera-istorica-a-romaniei-la-campionatul-european-de-padel-rezultate-excelente-la-debutul-international\/#primaryimage\"},\"thumbnailUrl\":\"https:\/\/frpadel.ro\/wp-content\/uploads\/2025\/07\/EuroPadelCup-272_resized.jpg\",\"datePublished\":\"2025-07-14T08:29:17+00:00\",\"dateModified\":\"2025-07-14T08:29:26+00:00\",\"author\":{\"@id\":\"https:\/\/frpadel.ro\/#\/schema\/person\/6669a0f650ec513e558cafdf68d98036\"},\"breadcrumb\":{\"@id\":\"https:\/\/frpadel.ro\/index.php\/2025\/07\/14\/premiera-istorica-a-romaniei-la-campionatul-european-de-padel-rezultate-excelente-la-debutul-international\/#breadcrumb\"},\"inLanguage\":\"ro-RO\",\"potentialAction\":[{\"@type\":\"ReadAction\",\"target\":[\"https:\/\/frpadel.ro\/index.php\/2025\/07\/14\/premiera-istorica-a-romaniei-la-campionatul-european-de-padel-rezultate-excelente-la-debutul-international\/\"]}]},{\"@type\":\"ImageObject\",\"inLanguage\":\"ro-RO\",\"@id\":\"https:\/\/frpadel.ro\/index.php\/2025\/07\/14\/premiera-istorica-a-romaniei-la-campionatul-european-de-padel-rezultate-excelente-la-debutul-international\/#primaryimage\",\"url\":\"https:\/\/frpadel.ro\/wp-content\/uploads\/2025\/07\/EuroPadelCup-272_resized.jpg\",\"contentUrl\":\"https:\/\/frpadel.ro\/wp-content\/uploads\/2025\/07\/EuroPadelCup-272_resized.jpg\",\"width\":2560,\"height\":1707},{\"@type\":\"BreadcrumbList\",\"@id\":\"https:\/\/frpadel.ro\/index.php\/2025\/07\/14\/premiera-istorica-a-romaniei-la-campionatul-european-de-padel-rezultate-excelente-la-debutul-international\/#breadcrumb\",\"itemListElement\":[{\"@type\":\"ListItem\",\"position\":1,\"name\":\"Prima pagin\u0103\",\"item\":\"https:\/\/frpadel.ro\/\"},{\"@type\":\"ListItem\",\"position\":2,\"name\":\"Premiera istoric\u0103 a Rom\u00e2niei la Campionatul European de padel: rezultate excelente la debutul interna\u021bional\"}]},{\"@type\":\"WebSite\",\"@id\":\"https:\/\/frpadel.ro\/#website\",\"url\":\"https:\/\/frpadel.ro\/\",\"name\":\"Federatia de Padel din Romania\",\"description\":\"Website-ul Federa\u021biei de Padel din Rom\u00e2nia\",\"potentialAction\":[{\"@type\":\"SearchAction\",\"target\":{\"@type\":\"EntryPoint\",\"urlTemplate\":\"https:\/\/frpadel.ro\/?s={search_term_string}\"},\"query-input\":{\"@type\":\"PropertyValueSpecification\",\"valueRequired\":true,\"valueName\":\"search_term_string\"}}],\"inLanguage\":\"ro-RO\"},{\"@type\":\"Person\",\"@id\":\"https:\/\/frpadel.ro\/#\/schema\/person\/6669a0f650ec513e558cafdf68d98036\",\"name\":\"Federatia de Padel\",\"image\":{\"@type\":\"ImageObject\",\"inLanguage\":\"ro-RO\",\"@id\":\"https:\/\/frpadel.ro\/#\/schema\/person\/image\/\",\"url\":\"https:\/\/secure.gravatar.com\/avatar\/2984a1ce75944179eebd7c4148370b6fb63c0230e0a2bbc6f2d9a02192bde491?s=96&d=mm&r=g\",\"contentUrl\":\"https:\/\/secure.gravatar.com\/avatar\/2984a1ce75944179eebd7c4148370b6fb63c0230e0a2bbc6f2d9a02192bde491?s=96&d=mm&r=g\",\"caption\":\"Federatia de Padel\"},\"sameAs\":[\"https:\/\/frpadel.ro\"],\"url\":\"https:\/\/frpadel.ro\/index.php\/author\/admin_p93hpmer\/\"}]}<\/script>\n<!-- \/ Yoast SEO Premium plugin. -->","yoast_head_json":{"title":"Premiera istoric\u0103 a Rom\u00e2niei la Campionatul European de padel: rezultate excelente la debutul interna\u021bional - Federatia de Padel din Romania","robots":{"index":"index","follow":"follow","max-snippet":"max-snippet:-1","max-image-preview":"max-image-preview:large","max-video-preview":"max-video-preview:-1"},"canonical":"https:\/\/frpadel.ro\/index.php\/2025\/07\/14\/premiera-istorica-a-romaniei-la-campionatul-european-de-padel-rezultate-excelente-la-debutul-international\/","og_locale":"ro_RO","og_type":"article","og_title":"Premiera istoric\u0103 a Rom\u00e2niei la Campionatul European de padel: rezultate excelente la debutul interna\u021bional","og_description":"Rom\u00e2nia a scris istorie \u00een sportul rom\u00e2nesc, marc\u00e2nd o dubl\u0103 premier\u0103 de excep\u021bie: pentru prima dat\u0103, Lotul Na\u021bional de padel al \u021b\u0103rii noastre a participat la un Campionat European \u0219i nu oricum, ci ob\u021bin\u00e2nd rezultate remarcabile \u00een fa\u021ba unor adversari de top.","og_url":"https:\/\/frpadel.ro\/index.php\/2025\/07\/14\/premiera-istorica-a-romaniei-la-campionatul-european-de-padel-rezultate-excelente-la-debutul-international\/","og_site_name":"Federatia de Padel din Romania","article_published_time":"2025-07-14T08:29:17+00:00","article_modified_time":"2025-07-14T08:29:26+00:00","og_image":[{"width":2560,"height":1707,"url":"https:\/\/frpadel.ro\/wp-content\/uploads\/2025\/07\/EuroPadelCup-272_resized.jpg","type":"image\/jpeg"}],"author":"Federatia de Padel","twitter_card":"summary_large_image","twitter_misc":{"Scris de":"Federatia de Padel","Timp estimat pentru citire":"6 minute"},"schema":{"@context":"https:\/\/schema.org","@graph":[{"@type":"WebPage","@id":"https:\/\/frpadel.ro\/index.php\/2025\/07\/14\/premiera-istorica-a-romaniei-la-campionatul-european-de-padel-rezultate-excelente-la-debutul-international\/","url":"https:\/\/frpadel.ro\/index.php\/2025\/07\/14\/premiera-istorica-a-romaniei-la-campionatul-european-de-padel-rezultate-excelente-la-debutul-international\/","name":"Premiera istoric\u0103 a Rom\u00e2niei la Campionatul European de padel: rezultate excelente la debutul interna\u021bional - Federatia de Padel din Romania","isPartOf":{"@id":"https:\/\/frpadel.ro\/#website"},"primaryImageOfPage":{"@id":"https:\/\/frpadel.ro\/index.php\/2025\/07\/14\/premiera-istorica-a-romaniei-la-campionatul-european-de-padel-rezultate-excelente-la-debutul-international\/#primaryimage"},"image":{"@id":"https:\/\/frpadel.ro\/index.php\/2025\/07\/14\/premiera-istorica-a-romaniei-la-campionatul-european-de-padel-rezultate-excelente-la-debutul-international\/#primaryimage"},"thumbnailUrl":"https:\/\/frpadel.ro\/wp-content\/uploads\/2025\/07\/EuroPadelCup-272_resized.jpg","datePublished":"2025-07-14T08:29:17+00:00","dateModified":"2025-07-14T08:29:26+00:00","author":{"@id":"https:\/\/frpadel.ro\/#\/schema\/person\/6669a0f650ec513e558cafdf68d98036"},"breadcrumb":{"@id":"https:\/\/frpadel.ro\/index.php\/2025\/07\/14\/premiera-istorica-a-romaniei-la-campionatul-european-de-padel-rezultate-excelente-la-debutul-international\/#breadcrumb"},"inLanguage":"ro-RO","potentialAction":[{"@type":"ReadAction","target":["https:\/\/frpadel.ro\/index.php\/2025\/07\/14\/premiera-istorica-a-romaniei-la-campionatul-european-de-padel-rezultate-excelente-la-debutul-international\/"]}]},{"@type":"ImageObject","inLanguage":"ro-RO","@id":"https:\/\/frpadel.ro\/index.php\/2025\/07\/14\/premiera-istorica-a-romaniei-la-campionatul-european-de-padel-rezultate-excelente-la-debutul-international\/#primaryimage","url":"https:\/\/frpadel.ro\/wp-content\/uploads\/2025\/07\/EuroPadelCup-272_resized.jpg","contentUrl":"https:\/\/frpadel.ro\/wp-content\/uploads\/2025\/07\/EuroPadelCup-272_resized.jpg","width":2560,"height":1707},{"@type":"BreadcrumbList","@id":"https:\/\/frpadel.ro\/index.php\/2025\/07\/14\/premiera-istorica-a-romaniei-la-campionatul-european-de-padel-rezultate-excelente-la-debutul-international\/#breadcrumb","itemListElement":[{"@type":"ListItem","position":1,"name":"Prima pagin\u0103","item":"https:\/\/frpadel.ro\/"},{"@type":"ListItem","position":2,"name":"Premiera istoric\u0103 a Rom\u00e2niei la Campionatul European de padel: rezultate excelente la debutul interna\u021bional"}]},{"@type":"WebSite","@id":"https:\/\/frpadel.ro\/#website","url":"https:\/\/frpadel.ro\/","name":"Federatia de Padel din Romania","description":"Website-ul Federa\u021biei de Padel din Rom\u00e2nia","potentialAction":[{"@type":"SearchAction","target":{"@type":"EntryPoint","urlTemplate":"https:\/\/frpadel.ro\/?s={search_term_string}"},"query-input":{"@type":"PropertyValueSpecification","valueRequired":true,"valueName":"search_term_string"}}],"inLanguage":"ro-RO"},{"@type":"Person","@id":"https:\/\/frpadel.ro\/#\/schema\/person\/6669a0f650ec513e558cafdf68d98036","name":"Federatia de Padel","image":{"@type":"ImageObject","inLanguage":"ro-RO","@id":"https:\/\/frpadel.ro\/#\/schema\/person\/image\/","url":"https:\/\/secure.gravatar.com\/avatar\/2984a1ce75944179eebd7c4148370b6fb63c0230e0a2bbc6f2d9a02192bde491?s=96&d=mm&r=g","contentUrl":"https:\/\/secure.gravatar.com\/avatar\/2984a1ce75944179eebd7c4148370b6fb63c0230e0a2bbc6f2d9a02192bde491?s=96&d=mm&r=g","caption":"Federatia de Padel"},"sameAs":["https:\/\/frpadel.ro"],"url":"https:\/\/frpadel.ro\/index.php\/author\/admin_p93hpmer\/"}]}},"_links":{"self":[{"href":"https:\/\/frpadel.ro\/index.php\/wp-json\/wp\/v2\/posts\/2382","targetHints":{"allow":["GET"]}}],"collection":[{"href":"https:\/\/frpadel.ro\/index.php\/wp-json\/wp\/v2\/posts"}],"about":[{"href":"https:\/\/frpadel.ro\/index.php\/wp-json\/wp\/v2\/types\/post"}],"author":[{"embeddable":true,"href":"https:\/\/frpadel.ro\/index.php\/wp-json\/wp\/v2\/users\/1"}],"replies":[{"embeddable":true,"href":"https:\/\/frpadel.ro\/index.php\/wp-json\/wp\/v2\/comments?post=2382"}],"version-history":[{"count":2,"href":"https:\/\/frpadel.ro\/index.php\/wp-json\/wp\/v2\/posts\/2382\/revisions"}],"predecessor-version":[{"id":2408,"href":"https:\/\/frpadel.ro\/index.php\/wp-json\/wp\/v2\/posts\/2382\/revisions\/2408"}],"wp:featuredmedia":[{"embeddable":true,"href":"https:\/\/frpadel.ro\/index.php\/wp-json\/wp\/v2\/media\/2383"}],"wp:attachment":[{"href":"https:\/\/frpadel.ro\/index.php\/wp-json\/wp\/v2\/media?parent=2382"}],"wp:term":[{"taxonomy":"category","embeddable":true,"href":"https:\/\/frpadel.ro\/index.php\/wp-json\/wp\/v2\/categories?post=2382"},{"taxonomy":"post_tag","embeddable":true,"href":"https:\/\/frpadel.ro\/index.php\/wp-json\/wp\/v2\/tags?post=2382"}],"curies":[{"name":"wp","href":"https:\/\/api.w.org\/{rel}","templated":true}]}}