{"id":2285,"date":"2025-07-07T15:02:15","date_gmt":"2025-07-07T12:02:15","guid":{"rendered":"https:\/\/frpadel.ro\/?p=2285"},"modified":"2025-07-07T15:02:15","modified_gmt":"2025-07-07T12:02:15","slug":"premiera-istorica-pentru-padelul-romanesc-lotul-national-al-romaniei-participa-pentru-primadata-la-fip-euro-padel-cup","status":"publish","type":"post","link":"https:\/\/frpadel.ro\/index.php\/2025\/07\/07\/premiera-istorica-pentru-padelul-romanesc-lotul-national-al-romaniei-participa-pentru-primadata-la-fip-euro-padel-cup\/","title":{"rendered":"Premier\u0103 istoric\u0103 pentru padelul rom\u00e2nesc: Lotul Na\u021bional al Rom\u00e2niei particip\u0103 pentru primadat\u0103 la FIP Euro Padel Cup!"},"content":{"rendered":"<div class=\"wpb-content-wrapper\"><p>[vc_row][vc_column][vc_column_text css=&#8221;&#8221;]<strong>Timi\u0219oara, 7 iulie 2025<\/strong>\u00a0&#8211; Federa\u021bia de Padel din Rom\u00e2nia puncteaz\u0103 un moment istoric pentru sportul rom\u00e2nesc: pentru prima dat\u0103, Lotul na\u021bional de padel al Rom\u00e2niei particip\u0103 la prestigiosul turneu interna\u021bional\u00a0<strong>FIP Euro Padel Cup<\/strong>, desf\u0103\u0219urat \u00een perioada\u00a0<strong>7 \u2013 13 iulie 2025<\/strong>, la Madrid, Spania.<\/p>\n<p>Aceast\u0103 participare marcheaz\u0103 un pas important \u00een recunoa\u0219terea interna\u021bional\u0103 a padelului rom\u00e2nesc \u0219i reflect\u0103 progresul constant al acestui sport \u00een Rom\u00e2nia.<\/p>\n<p>Componen\u021ba Lotului Na\u021bional reune\u0219te cei mai buni juc\u0103tori de padel din \u021bar\u0103. La masculin, Rom\u00e2nia va fi reprezentat\u0103 de:\u00a0<strong>Armand Baboian, Robert Coman, Horia Nedelcu, Silviu Popescu, Denis Mocanu, Robert Popescu<\/strong>\u00a0\u0219i\u00a0<strong>Cosmin B\u0103rdan<\/strong>. La feminin, au plecat, luni, spre Madrid:\u00a0<strong>Giulia Naicu, Elisa S\u0103raru, Cristina Aiello, Alice Radu, Emilia Feodorovici<\/strong>\u00a0\u0219i\u00a0<strong>Roxana Jianu<\/strong>.<\/p>\n<p>Antrenorul echipei na\u021bionale de padel a Rom\u00e2niei este reputatul tehnician\u00a0<strong>Rafael Eduardo Morena de la Torre<\/strong>, un nume bine-cunoscut \u00een circuitul interna\u021bional de padel. Ultimele s\u0103pt\u0103m\u00e2ni de preg\u0103tire al\u0103turi de acesta au fost intense pentru cei 13 sportivi convoca\u021bi \u00een Lotul Na\u021bional pentru participarea la <strong>FIP Euro Padel Cup 2025.<\/strong><\/p>\n<p>\u201eUrmeaz\u0103 s\u0103 tr\u0103im o experien\u021b\u0103 unic\u0103. Ve\u021bi reprezenta \u021bara voastr\u0103 f\u0103c\u00e2nd ceea ce iubi\u021bi \u2013 s\u0103 purta\u021bi culorile Rom\u00e2niei este o onoare, iar foarte pu\u021bini oameni pot spune c\u0103 au reu\u0219it acest lucru. Bucura\u021bi-v\u0103 de fiecare moment al acestei c\u0103l\u0103torii \u0219i haide\u021bi s\u0103 o facem de neuitat, \u00eempreun\u0103. S\u0103 ne facem poporul m\u00e2ndru, d\u00e2nd tot ce avem pe teren \u0219i fiind coechipieri adev\u0103ra\u021bi\u201d, le-a transmis tehnicianul Rafael Eduardo Morena de la Torre celor 13 sportivi care, luni, au plecat spre competi\u021bia de la Madrid.<\/p>\n<p>Reprezentantul oficial al delega\u021biei din partea Federa\u021biei de Padel din Rom\u00e2nia,\u00a0<strong>Lucian Perescu<\/strong>, a subliniat c\u00e2t de important\u0103 este prezen\u021ba Rom\u00e2niei la o prim\u0103 competi\u021bie european\u0103 sub egida\u00a0<strong>Federa\u021biei Interna\u021bionale de Padel<\/strong>.<\/p>\n<p>\u201eAceast\u0103 participare este rezultatul muncii \u0219i pasiunii pe care sportivii, antrenorul \u0219i \u00eentreaga comunitate de padel din Rom\u00e2nia le-au investit \u00een dezvoltarea acestui sport. Este o mare onoare s\u0103 avem o echip\u0103 at\u00e2t de bine conturat\u0103, tehnic \u0219i sportiv, \u0219i, \u00een egal\u0103 m\u0103sur\u0103, este o imens\u0103 onoare s\u0103 reprezent\u0103m Rom\u00e2nia pe o scen\u0103 at\u00e2t de important\u0103\u201d, a declarat Lucian Perescu.<\/p>\n<p>Participarea Rom\u00e2niei la\u00a0<strong>FIP Euro Padel Cup 2025<\/strong>\u00a0este un pas esen\u021bial \u00een drumul spre performan\u021b\u0103 interna\u021bional\u0103 \u0219i un mesaj puternic pentru tinerii sportivi rom\u00e2ni:\u00a0padelul are viitor \u00een Rom\u00e2nia.<\/p>\n<h4><strong>Despre FIP Euro Padel Cup 2025 (7 \u2013 13 iulie, Madrid)<\/strong><\/h4>\n<p><strong>FIP Euro Padel Cup<\/strong>\u00a0este cea mai important\u0103 competi\u021bie de pe continent, organizat\u0103 de\u00a0<strong>Federa\u021bia Interna\u021bional\u0103 de Padel (FIP)<\/strong>, \u00een colaborare cu\u00a0<strong>Padel Europe<\/strong>\u00a0\u0219i, pentru aceast\u0103 edi\u021bie de la Madrid, cu\u00a0<strong>FEP \u2013 Federa\u021bia Spaniol\u0103 de Padel<\/strong>.<\/p>\n<p>\u00cencep\u00e2nd de luni, cu tragerea la sor\u021bi a grupelor, \u0219i p\u00e2n\u0103 duminic\u0103, c\u00e2nd se vor disputa meciurile finale ale\u00a0<strong>Fazei 2<\/strong>, va fi o s\u0103pt\u0103m\u00e2n\u0103 de neratat, a\u0219teptat\u0103 cu ner\u0103bdare de to\u021bi juc\u0103torii de padel \u0219i de fanii acestui sport. Competi\u021bia are loc pe terenurile\u00a0<strong>Padel G24<\/strong>\u00a0din Madrid, unde sunt \u00eenscrise\u00a0<strong>59 de echipe na\u021bionale<\/strong>\u00a0\u2013\u00a0<strong>32 masculine<\/strong>\u00a0\u0219i\u00a0<strong>27 feminine<\/strong>\u00a0\u2013 care vor concura timp de \u0219ase zile pentru\u00a0<strong>cele opt locuri<\/strong>\u00a0(patru pentru b\u0103ie\u021bi \u0219i patru pentru fete) \u00een\u00a0<strong>Final Eight<\/strong>, faza final\u0103 ce va decide titlul de Campioni Europeni.\u00a0(<strong>Spania, Italia, Portugalia \u0219i Fran\u021ba<\/strong>\u00a0sunt deja calificate.)<\/p>\n<p>Pre\u0219edintele FIP,\u00a0<strong>Luigi Carraro<\/strong>, a transmis un mesaj tuturor delega\u021biilor care sosesc \u00een Spania.<\/p>\n<p>\u201eFamilia FIP le ofer\u0103 o \u00eembr\u0103\u021bi\u0219are c\u0103lduroas\u0103 \u0219i o str\u00e2ngere de m\u00e2n\u0103 tuturor reprezentan\u021bilor \u021b\u0103rilor participante: pre\u0219edin\u021bilor \u0219i delega\u021biilor federa\u021biilor na\u021bionale, sportivilor, antrenorilor, membrilor staffului, arbitrilor \u0219i tuturor celor care vor face ca Faza 1 \u0219i Faza 2 ale FIP Euro Padel Cup s\u0103 fie de neuitat. Celor care vor intra pe teren vreau s\u0103 le reamintesc c\u00e2t de unic\u0103 este aceast\u0103 oportunitate: s\u0103 por\u021bi tricoul \u021b\u0103rii tale \u0219i s\u0103 lup\u021bi pentru un obiectiv m\u0103re\u021b, \u00eentr-un context de socializare, schimb cultural \u0219i experien\u021be cum pu\u021bine altele exist\u0103 \u00een via\u021ba unui sportiv. Distrac\u021bie pl\u0103cut\u0103, fi\u021bi corec\u021bi \u0219i face\u021bi ca federa\u021bia voastr\u0103, \u021bara voastr\u0103 \u0219i lumea padelului s\u0103 fie m\u00e2ndre de realiz\u0103rile voastre sportive!\u201d, a transmis pre\u0219edintele FIP, <strong>Luigi Carraro<\/strong>, \u00een mesajul s\u0103u dinaintea startului competi\u021biei.<\/p>\n<p><strong>FIP Euro Padel Cup 2025 <\/strong>anun\u021b\u0103 o edi\u021bie\u00a0record: meciurile de pe cele opt terenuri de la\u00a0Padel G24 Madrid\u00a0vor fi transmise\u00a0live, \u00een\u00a0streaming pe canalul\u00a0YouTube al FIP.<\/p>\n<p>Dup\u0103 tragerea la sor\u021bi a grupelor (programat\u0103 pentru luni, la ora 18:00), \u00eencep\u00e2nd de mar\u021bi, ac\u021biunea se mut\u0103 pe teren: echipele de top din fiecare grup\u0103 \u00ee\u0219i vor putea continua visul, dar pentru to\u021bi participan\u021bii va fi, categoric, o experien\u021b\u0103 de neuitat.[\/vc_column_text][\/vc_column][\/vc_row][vc_row][vc_column][vc_gallery type=&#8221;flexslider_slide&#8221; interval=&#8221;5&#8243; images=&#8221;2288,2289,2290,2291,2292,2293,2294,2295,2296,2297,2298,2299,2300,2301,2302,2303,2304,2305,2306,2307,2308,2309,2310,2311,2312,2313,2314,2315,2316,2317,2318,2319,2320,2321,2322,2323,2324,2325,2326,2327,2328,2329,2330,2331,2332,2333,2334,2335,2336,2337,2338,2339,2340,2341,2342,2343,2344,2345,2346,2347,2348,2349,2350,2351,2352,2353,2354,2355,2356,2357,2358,2359,2360,2361,2362,2363,2364,2365,2366,2367&#8243; img_size=&#8221;medium&#8221; css=&#8221;&#8221;][\/vc_column][\/vc_row]<\/p>\n<\/div>","protected":false},"excerpt":{"rendered":"<p>Federa\u021bia de Padel din Rom\u00e2nia puncteaz\u0103 un moment istoric pentru sportul rom\u00e2nesc: pentru prima dat\u0103, Lotul na\u021bional de padel al Rom\u00e2niei particip\u0103 la prestigiosul turneu interna\u021bional FIP Euro Padel Cup, desf\u0103\u0219urat \u00een perioada 7 \u2013 13 iulie 2025, la Madrid, Spania.<\/p>\n<p>Aceast\u0103 participare marcheaz\u0103 un pas important \u00een recunoa\u0219terea interna\u021bional\u0103 a padelului rom\u00e2nesc \u0219i reflect\u0103 progresul constant al acestui sport \u00een Rom\u00e2nia.<\/p>\n","protected":false},"author":1,"featured_media":2286,"comment_status":"open","ping_status":"open","sticky":false,"template":"","format":"standard","meta":{"_acf_changed":false,"footnotes":""},"categories":[88],"tags":[],"class_list":["post-2285","post","type-post","status-publish","format-standard","has-post-thumbnail","hentry","category-competitii"],"acf":[],"yoast_head":"<!-- This site is optimized with the Yoast SEO Premium plugin v26.0 (Yoast SEO v26.0) - https:\/\/yoast.com\/wordpress\/plugins\/seo\/ -->\n<title>Premier\u0103 istoric\u0103 pentru padelul rom\u00e2nesc: Lotul Na\u021bional al Rom\u00e2niei particip\u0103 pentru primadat\u0103 la FIP Euro Padel Cup! - Federatia de Padel din Romania<\/title>\n<meta name=\"robots\" content=\"index, follow, max-snippet:-1, max-image-preview:large, max-video-preview:-1\" \/>\n<link rel=\"canonical\" href=\"https:\/\/frpadel.ro\/index.php\/2025\/07\/07\/premiera-istorica-pentru-padelul-romanesc-lotul-national-al-romaniei-participa-pentru-primadata-la-fip-euro-padel-cup\/\" \/>\n<meta property=\"og:locale\" content=\"ro_RO\" \/>\n<meta property=\"og:type\" content=\"article\" \/>\n<meta property=\"og:title\" content=\"Premier\u0103 istoric\u0103 pentru padelul rom\u00e2nesc: Lotul Na\u021bional al Rom\u00e2niei particip\u0103 pentru primadat\u0103 la FIP Euro Padel Cup!\" \/>\n<meta property=\"og:description\" content=\"Federa\u021bia de Padel din Rom\u00e2nia puncteaz\u0103 un moment istoric pentru sportul rom\u00e2nesc: pentru prima dat\u0103, Lotul na\u021bional de padel al Rom\u00e2niei particip\u0103 la prestigiosul turneu interna\u021bional FIP Euro Padel Cup, desf\u0103\u0219urat \u00een perioada 7 \u2013 13 iulie 2025, la Madrid, Spania. Aceast\u0103 participare marcheaz\u0103 un pas important \u00een recunoa\u0219terea interna\u021bional\u0103 a padelului rom\u00e2nesc \u0219i reflect\u0103 progresul constant al acestui sport \u00een Rom\u00e2nia.\" \/>\n<meta property=\"og:url\" content=\"https:\/\/frpadel.ro\/index.php\/2025\/07\/07\/premiera-istorica-pentru-padelul-romanesc-lotul-national-al-romaniei-participa-pentru-primadata-la-fip-euro-padel-cup\/\" \/>\n<meta property=\"og:site_name\" content=\"Federatia de Padel din Romania\" \/>\n<meta property=\"article:published_time\" content=\"2025-07-07T12:02:15+00:00\" \/>\n<meta property=\"og:image\" content=\"https:\/\/frpadel.ro\/wp-content\/uploads\/2025\/07\/Lot-National-Romania-FIP-EURO-CUP-2025-Image-2025-07-07-at-13.12.10-7.jpeg\" \/>\n\t<meta property=\"og:image:width\" content=\"1600\" \/>\n\t<meta property=\"og:image:height\" content=\"1066\" \/>\n\t<meta property=\"og:image:type\" content=\"image\/jpeg\" \/>\n<meta name=\"author\" content=\"Federatia de Padel\" \/>\n<meta name=\"twitter:card\" content=\"summary_large_image\" \/>\n<meta name=\"twitter:label1\" content=\"Scris de\" \/>\n\t<meta name=\"twitter:data1\" content=\"Federatia de Padel\" \/>\n\t<meta name=\"twitter:label2\" content=\"Timp estimat pentru citire\" \/>\n\t<meta name=\"twitter:data2\" content=\"4 minute\" \/>\n<script type=\"application\/ld+json\" class=\"yoast-schema-graph\">{\"@context\":\"https:\/\/schema.org\",\"@graph\":[{\"@type\":\"WebPage\",\"@id\":\"https:\/\/frpadel.ro\/index.php\/2025\/07\/07\/premiera-istorica-pentru-padelul-romanesc-lotul-national-al-romaniei-participa-pentru-primadata-la-fip-euro-padel-cup\/\",\"url\":\"https:\/\/frpadel.ro\/index.php\/2025\/07\/07\/premiera-istorica-pentru-padelul-romanesc-lotul-national-al-romaniei-participa-pentru-primadata-la-fip-euro-padel-cup\/\",\"name\":\"Premier\u0103 istoric\u0103 pentru padelul rom\u00e2nesc: Lotul Na\u021bional al Rom\u00e2niei particip\u0103 pentru primadat\u0103 la FIP Euro Padel Cup! - Federatia de Padel din Romania\",\"isPartOf\":{\"@id\":\"https:\/\/frpadel.ro\/#website\"},\"primaryImageOfPage\":{\"@id\":\"https:\/\/frpadel.ro\/index.php\/2025\/07\/07\/premiera-istorica-pentru-padelul-romanesc-lotul-national-al-romaniei-participa-pentru-primadata-la-fip-euro-padel-cup\/#primaryimage\"},\"image\":{\"@id\":\"https:\/\/frpadel.ro\/index.php\/2025\/07\/07\/premiera-istorica-pentru-padelul-romanesc-lotul-national-al-romaniei-participa-pentru-primadata-la-fip-euro-padel-cup\/#primaryimage\"},\"thumbnailUrl\":\"https:\/\/frpadel.ro\/wp-content\/uploads\/2025\/07\/Lot-National-Romania-FIP-EURO-CUP-2025-Image-2025-07-07-at-13.12.10-7.jpeg\",\"datePublished\":\"2025-07-07T12:02:15+00:00\",\"author\":{\"@id\":\"https:\/\/frpadel.ro\/#\/schema\/person\/6669a0f650ec513e558cafdf68d98036\"},\"breadcrumb\":{\"@id\":\"https:\/\/frpadel.ro\/index.php\/2025\/07\/07\/premiera-istorica-pentru-padelul-romanesc-lotul-national-al-romaniei-participa-pentru-primadata-la-fip-euro-padel-cup\/#breadcrumb\"},\"inLanguage\":\"ro-RO\",\"potentialAction\":[{\"@type\":\"ReadAction\",\"target\":[\"https:\/\/frpadel.ro\/index.php\/2025\/07\/07\/premiera-istorica-pentru-padelul-romanesc-lotul-national-al-romaniei-participa-pentru-primadata-la-fip-euro-padel-cup\/\"]}]},{\"@type\":\"ImageObject\",\"inLanguage\":\"ro-RO\",\"@id\":\"https:\/\/frpadel.ro\/index.php\/2025\/07\/07\/premiera-istorica-pentru-padelul-romanesc-lotul-national-al-romaniei-participa-pentru-primadata-la-fip-euro-padel-cup\/#primaryimage\",\"url\":\"https:\/\/frpadel.ro\/wp-content\/uploads\/2025\/07\/Lot-National-Romania-FIP-EURO-CUP-2025-Image-2025-07-07-at-13.12.10-7.jpeg\",\"contentUrl\":\"https:\/\/frpadel.ro\/wp-content\/uploads\/2025\/07\/Lot-National-Romania-FIP-EURO-CUP-2025-Image-2025-07-07-at-13.12.10-7.jpeg\",\"width\":1600,\"height\":1066},{\"@type\":\"BreadcrumbList\",\"@id\":\"https:\/\/frpadel.ro\/index.php\/2025\/07\/07\/premiera-istorica-pentru-padelul-romanesc-lotul-national-al-romaniei-participa-pentru-primadata-la-fip-euro-padel-cup\/#breadcrumb\",\"itemListElement\":[{\"@type\":\"ListItem\",\"position\":1,\"name\":\"Prima pagin\u0103\",\"item\":\"https:\/\/frpadel.ro\/\"},{\"@type\":\"ListItem\",\"position\":2,\"name\":\"Premier\u0103 istoric\u0103 pentru padelul rom\u00e2nesc: Lotul Na\u021bional al Rom\u00e2niei particip\u0103 pentru primadat\u0103 la FIP Euro Padel Cup!\"}]},{\"@type\":\"WebSite\",\"@id\":\"https:\/\/frpadel.ro\/#website\",\"url\":\"https:\/\/frpadel.ro\/\",\"name\":\"Federatia de Padel din Romania\",\"description\":\"Website-ul Federa\u021biei de Padel din Rom\u00e2nia\",\"potentialAction\":[{\"@type\":\"SearchAction\",\"target\":{\"@type\":\"EntryPoint\",\"urlTemplate\":\"https:\/\/frpadel.ro\/?s={search_term_string}\"},\"query-input\":{\"@type\":\"PropertyValueSpecification\",\"valueRequired\":true,\"valueName\":\"search_term_string\"}}],\"inLanguage\":\"ro-RO\"},{\"@type\":\"Person\",\"@id\":\"https:\/\/frpadel.ro\/#\/schema\/person\/6669a0f650ec513e558cafdf68d98036\",\"name\":\"Federatia de Padel\",\"image\":{\"@type\":\"ImageObject\",\"inLanguage\":\"ro-RO\",\"@id\":\"https:\/\/frpadel.ro\/#\/schema\/person\/image\/\",\"url\":\"https:\/\/secure.gravatar.com\/avatar\/2984a1ce75944179eebd7c4148370b6fb63c0230e0a2bbc6f2d9a02192bde491?s=96&d=mm&r=g\",\"contentUrl\":\"https:\/\/secure.gravatar.com\/avatar\/2984a1ce75944179eebd7c4148370b6fb63c0230e0a2bbc6f2d9a02192bde491?s=96&d=mm&r=g\",\"caption\":\"Federatia de Padel\"},\"sameAs\":[\"https:\/\/frpadel.ro\"],\"url\":\"https:\/\/frpadel.ro\/index.php\/author\/admin_p93hpmer\/\"}]}<\/script>\n<!-- \/ Yoast SEO Premium plugin. -->","yoast_head_json":{"title":"Premier\u0103 istoric\u0103 pentru padelul rom\u00e2nesc: Lotul Na\u021bional al Rom\u00e2niei particip\u0103 pentru primadat\u0103 la FIP Euro Padel Cup! - Federatia de Padel din Romania","robots":{"index":"index","follow":"follow","max-snippet":"max-snippet:-1","max-image-preview":"max-image-preview:large","max-video-preview":"max-video-preview:-1"},"canonical":"https:\/\/frpadel.ro\/index.php\/2025\/07\/07\/premiera-istorica-pentru-padelul-romanesc-lotul-national-al-romaniei-participa-pentru-primadata-la-fip-euro-padel-cup\/","og_locale":"ro_RO","og_type":"article","og_title":"Premier\u0103 istoric\u0103 pentru padelul rom\u00e2nesc: Lotul Na\u021bional al Rom\u00e2niei particip\u0103 pentru primadat\u0103 la FIP Euro Padel Cup!","og_description":"Federa\u021bia de Padel din Rom\u00e2nia puncteaz\u0103 un moment istoric pentru sportul rom\u00e2nesc: pentru prima dat\u0103, Lotul na\u021bional de padel al Rom\u00e2niei particip\u0103 la prestigiosul turneu interna\u021bional FIP Euro Padel Cup, desf\u0103\u0219urat \u00een perioada 7 \u2013 13 iulie 2025, la Madrid, Spania. Aceast\u0103 participare marcheaz\u0103 un pas important \u00een recunoa\u0219terea interna\u021bional\u0103 a padelului rom\u00e2nesc \u0219i reflect\u0103 progresul constant al acestui sport \u00een Rom\u00e2nia.","og_url":"https:\/\/frpadel.ro\/index.php\/2025\/07\/07\/premiera-istorica-pentru-padelul-romanesc-lotul-national-al-romaniei-participa-pentru-primadata-la-fip-euro-padel-cup\/","og_site_name":"Federatia de Padel din Romania","article_published_time":"2025-07-07T12:02:15+00:00","og_image":[{"width":1600,"height":1066,"url":"https:\/\/frpadel.ro\/wp-content\/uploads\/2025\/07\/Lot-National-Romania-FIP-EURO-CUP-2025-Image-2025-07-07-at-13.12.10-7.jpeg","type":"image\/jpeg"}],"author":"Federatia de Padel","twitter_card":"summary_large_image","twitter_misc":{"Scris de":"Federatia de Padel","Timp estimat pentru citire":"4 minute"},"schema":{"@context":"https:\/\/schema.org","@graph":[{"@type":"WebPage","@id":"https:\/\/frpadel.ro\/index.php\/2025\/07\/07\/premiera-istorica-pentru-padelul-romanesc-lotul-national-al-romaniei-participa-pentru-primadata-la-fip-euro-padel-cup\/","url":"https:\/\/frpadel.ro\/index.php\/2025\/07\/07\/premiera-istorica-pentru-padelul-romanesc-lotul-national-al-romaniei-participa-pentru-primadata-la-fip-euro-padel-cup\/","name":"Premier\u0103 istoric\u0103 pentru padelul rom\u00e2nesc: Lotul Na\u021bional al Rom\u00e2niei particip\u0103 pentru primadat\u0103 la FIP Euro Padel Cup! - Federatia de Padel din Romania","isPartOf":{"@id":"https:\/\/frpadel.ro\/#website"},"primaryImageOfPage":{"@id":"https:\/\/frpadel.ro\/index.php\/2025\/07\/07\/premiera-istorica-pentru-padelul-romanesc-lotul-national-al-romaniei-participa-pentru-primadata-la-fip-euro-padel-cup\/#primaryimage"},"image":{"@id":"https:\/\/frpadel.ro\/index.php\/2025\/07\/07\/premiera-istorica-pentru-padelul-romanesc-lotul-national-al-romaniei-participa-pentru-primadata-la-fip-euro-padel-cup\/#primaryimage"},"thumbnailUrl":"https:\/\/frpadel.ro\/wp-content\/uploads\/2025\/07\/Lot-National-Romania-FIP-EURO-CUP-2025-Image-2025-07-07-at-13.12.10-7.jpeg","datePublished":"2025-07-07T12:02:15+00:00","author":{"@id":"https:\/\/frpadel.ro\/#\/schema\/person\/6669a0f650ec513e558cafdf68d98036"},"breadcrumb":{"@id":"https:\/\/frpadel.ro\/index.php\/2025\/07\/07\/premiera-istorica-pentru-padelul-romanesc-lotul-national-al-romaniei-participa-pentru-primadata-la-fip-euro-padel-cup\/#breadcrumb"},"inLanguage":"ro-RO","potentialAction":[{"@type":"ReadAction","target":["https:\/\/frpadel.ro\/index.php\/2025\/07\/07\/premiera-istorica-pentru-padelul-romanesc-lotul-national-al-romaniei-participa-pentru-primadata-la-fip-euro-padel-cup\/"]}]},{"@type":"ImageObject","inLanguage":"ro-RO","@id":"https:\/\/frpadel.ro\/index.php\/2025\/07\/07\/premiera-istorica-pentru-padelul-romanesc-lotul-national-al-romaniei-participa-pentru-primadata-la-fip-euro-padel-cup\/#primaryimage","url":"https:\/\/frpadel.ro\/wp-content\/uploads\/2025\/07\/Lot-National-Romania-FIP-EURO-CUP-2025-Image-2025-07-07-at-13.12.10-7.jpeg","contentUrl":"https:\/\/frpadel.ro\/wp-content\/uploads\/2025\/07\/Lot-National-Romania-FIP-EURO-CUP-2025-Image-2025-07-07-at-13.12.10-7.jpeg","width":1600,"height":1066},{"@type":"BreadcrumbList","@id":"https:\/\/frpadel.ro\/index.php\/2025\/07\/07\/premiera-istorica-pentru-padelul-romanesc-lotul-national-al-romaniei-participa-pentru-primadata-la-fip-euro-padel-cup\/#breadcrumb","itemListElement":[{"@type":"ListItem","position":1,"name":"Prima pagin\u0103","item":"https:\/\/frpadel.ro\/"},{"@type":"ListItem","position":2,"name":"Premier\u0103 istoric\u0103 pentru padelul rom\u00e2nesc: Lotul Na\u021bional al Rom\u00e2niei particip\u0103 pentru primadat\u0103 la FIP Euro Padel Cup!"}]},{"@type":"WebSite","@id":"https:\/\/frpadel.ro\/#website","url":"https:\/\/frpadel.ro\/","name":"Federatia de Padel din Romania","description":"Website-ul Federa\u021biei de Padel din Rom\u00e2nia","potentialAction":[{"@type":"SearchAction","target":{"@type":"EntryPoint","urlTemplate":"https:\/\/frpadel.ro\/?s={search_term_string}"},"query-input":{"@type":"PropertyValueSpecification","valueRequired":true,"valueName":"search_term_string"}}],"inLanguage":"ro-RO"},{"@type":"Person","@id":"https:\/\/frpadel.ro\/#\/schema\/person\/6669a0f650ec513e558cafdf68d98036","name":"Federatia de Padel","image":{"@type":"ImageObject","inLanguage":"ro-RO","@id":"https:\/\/frpadel.ro\/#\/schema\/person\/image\/","url":"https:\/\/secure.gravatar.com\/avatar\/2984a1ce75944179eebd7c4148370b6fb63c0230e0a2bbc6f2d9a02192bde491?s=96&d=mm&r=g","contentUrl":"https:\/\/secure.gravatar.com\/avatar\/2984a1ce75944179eebd7c4148370b6fb63c0230e0a2bbc6f2d9a02192bde491?s=96&d=mm&r=g","caption":"Federatia de Padel"},"sameAs":["https:\/\/frpadel.ro"],"url":"https:\/\/frpadel.ro\/index.php\/author\/admin_p93hpmer\/"}]}},"_links":{"self":[{"href":"https:\/\/frpadel.ro\/index.php\/wp-json\/wp\/v2\/posts\/2285","targetHints":{"allow":["GET"]}}],"collection":[{"href":"https:\/\/frpadel.ro\/index.php\/wp-json\/wp\/v2\/posts"}],"about":[{"href":"https:\/\/frpadel.ro\/index.php\/wp-json\/wp\/v2\/types\/post"}],"author":[{"embeddable":true,"href":"https:\/\/frpadel.ro\/index.php\/wp-json\/wp\/v2\/users\/1"}],"replies":[{"embeddable":true,"href":"https:\/\/frpadel.ro\/index.php\/wp-json\/wp\/v2\/comments?post=2285"}],"version-history":[{"count":2,"href":"https:\/\/frpadel.ro\/index.php\/wp-json\/wp\/v2\/posts\/2285\/revisions"}],"predecessor-version":[{"id":2368,"href":"https:\/\/frpadel.ro\/index.php\/wp-json\/wp\/v2\/posts\/2285\/revisions\/2368"}],"wp:featuredmedia":[{"embeddable":true,"href":"https:\/\/frpadel.ro\/index.php\/wp-json\/wp\/v2\/media\/2286"}],"wp:attachment":[{"href":"https:\/\/frpadel.ro\/index.php\/wp-json\/wp\/v2\/media?parent=2285"}],"wp:term":[{"taxonomy":"category","embeddable":true,"href":"https:\/\/frpadel.ro\/index.php\/wp-json\/wp\/v2\/categories?post=2285"},{"taxonomy":"post_tag","embeddable":true,"href":"https:\/\/frpadel.ro\/index.php\/wp-json\/wp\/v2\/tags?post=2285"}],"curies":[{"name":"wp","href":"https:\/\/api.w.org\/{rel}","templated":true}]}}