{"id":2164,"date":"2025-05-09T10:23:03","date_gmt":"2025-05-09T07:23:03","guid":{"rendered":"https:\/\/frpadel.ro\/?p=2164"},"modified":"2025-05-09T10:23:03","modified_gmt":"2025-05-09T07:23:03","slug":"istorie-pentru-sportul-romanesc-prima-echipa-100-romaneasca-debuteaza-la-fip-bronze-agrigento","status":"publish","type":"post","link":"https:\/\/frpadel.ro\/index.php\/2025\/05\/09\/istorie-pentru-sportul-romanesc-prima-echipa-100-romaneasca-debuteaza-la-fip-bronze-agrigento\/","title":{"rendered":"Istorie pentru sportul rom\u00e2nesc! Prima echip\u0103 100% rom\u00e2neasc\u0103 debuteaz\u0103 la FIP BRONZE AGRIGENTO"},"content":{"rendered":"<div class=\"wpb-content-wrapper\"><p>[vc_row][vc_column][vc_column_text css=&#8221;&#8221;]<\/p>\n<h2>Doi juc\u0103tori rom\u00e2ni intr\u0103 \u00een competi\u021bia din Sicilia, marc\u00e2nd o premier\u0103 pentru padelul din Rom\u00e2nia. C\u0103lin Motorga \u0219i Marius Kalamar vor reprezenta \u021bara noastr\u0103<\/h2>\n<p>\u00cen perioada 9\u201311 mai 2025, Sicilia g\u0103zduie\u0219te turneul FIP BRONZE AGRIGENTO, parte a circuitului interna\u021bional organizat de Federa\u021bia Interna\u021bional\u0103 de Padel. La aceast\u0103 edi\u021bie, Rom\u00e2nia este reprezentat\u0103 pentru prima dat\u0103 de o echip\u0103 format\u0103 exclusiv din juc\u0103tori rom\u00e2ni, marc\u00e2nd un moment istoric pentru acest sport \u00een \u021bara noastr\u0103.<\/p>\n<p>Participarea acestei echipe la un turneu interna\u021bional de asemenea calibru eviden\u021biaz\u0103 progresul rapid al padelului \u00een Rom\u00e2nia. De\u0219i sportul este relativ nou pe plan na\u021bional, interesul \u0219i implicarea \u00een cre\u0219tere au condus la formarea unei echipe capabile s\u0103 concureze la nivel interna\u021bional.<\/p>\n<h2>Rom\u00e2nia debuteaz\u0103 cu o echip\u0103 100% rom\u00e2neasc\u0103 la turneul interna\u021bional FIP BRONZE AGRIGENTO<\/h2>\n<p>Turneul FIP BRONZE AGRIGENTO reune\u0219te echipe din diverse \u021b\u0103ri, oferind o platform\u0103 competitiv\u0103 pentru juc\u0103tori de top. Prezen\u021ba echipei rom\u00e2ne\u0219ti \u00een aceast\u0103 competi\u021bie nu doar c\u0103 le ofer\u0103 juc\u0103torilor experien\u021b\u0103 valoroas\u0103, dar \u0219i inspir\u0103 comunitatea sportiv\u0103 din Rom\u00e2nia s\u0103 se implice mai activ \u00een dezvoltarea padelului.<\/p>\n<h3>Aceast\u0103 premier\u0103 reprezint\u0103 un pas semnificativ pentru padelul rom\u00e2nesc, demonstr\u00e2nd poten\u021bialul \u0219i ambi\u021bia sportivilor no\u0219tri de a se afirma pe scena interna\u021bional\u0103.<\/h3>\n<p>V\u0103 reamintim c\u0103, pentru prima dat\u0103 \u00een istoria acestui sport, un turneu din calendarul oficial al Federa\u021biei Interna\u021bionale de Padel ajunge \u00een Rom\u00e2nia \u0219i \u00een estul Europei. Evenimentul istoric, FIP SILVER ROMANIA, are loc \u00eentre 26 mai \u2013 1 iunie la Padel Center Dumbr\u0103vi\u021ba, primul club de padel din vestul \u021b\u0103rii. Competi\u021bia reune\u0219te sportivi rom\u00e2ni \u0219i interna\u021bionali, inclusiv vedete precum Miguel Oliveira, \u0219i marcheaz\u0103 recunoa\u0219terea dezvolt\u0103rii accelerate a padelului \u00een Timi\u0219oara.<\/p>\n<p>Sportivii se pot \u00eenscrie p\u00e2n\u0103 pe 14 mai, ora 17:00 CET, la categoriile masculin \u0219i feminin. Meciurile de calificare \u00eencep pe 26 mai, iar tabloul principal debuteaz\u0103 pe 30 mai. Valoarea total\u0103 a premiilor este de 20.000 \u20ac. \u00censcrierile se fac online, pe site-ul oficial al FIP:\u00a0<a href=\"https:\/\/uno.padelfip.com\/home\/welcome?ReturnUrl=%2Fparticipant%2Fmanage%2F2204%3Fy%3D2025%26t%3DEntries\">Aici<\/a><\/p>\n<p>\u0218tire preluat\u0103: <a href=\"https:\/\/www.paginadetimis.ro\/echipa-romaneasca-padel-fip-bronze-agrigento-2025\/\">https:\/\/www.paginadetimis.ro\/echipa-romaneasca-padel-fip-bronze-agrigento-2025\/<\/a>[\/vc_column_text][\/vc_column][\/vc_row][vc_row][vc_column][vc_single_image image=&#8221;2167&#8243; img_size=&#8221;&#8221; css=&#8221;&#8221;][\/vc_column][\/vc_row]<\/p>\n<\/div>","protected":false},"excerpt":{"rendered":"<p>Doi juc\u0103tori rom\u00e2ni intr\u0103 \u00een competi\u021bia din Sicilia, marc\u00e2nd o premier\u0103 pentru padelul din Rom\u00e2nia. C\u0103lin Motorga \u0219i Marius Kalamar vor reprezenta \u021bara noastr\u0103<\/p>\n","protected":false},"author":1,"featured_media":2165,"comment_status":"open","ping_status":"open","sticky":false,"template":"","format":"standard","meta":{"_acf_changed":false,"footnotes":""},"categories":[88],"tags":[103],"class_list":["post-2164","post","type-post","status-publish","format-standard","has-post-thumbnail","hentry","category-competitii","tag-fip"],"acf":[],"yoast_head":"<!-- This site is optimized with the Yoast SEO Premium plugin v26.0 (Yoast SEO v26.0) - https:\/\/yoast.com\/wordpress\/plugins\/seo\/ -->\n<title>Istorie pentru sportul rom\u00e2nesc! Prima echip\u0103 100% rom\u00e2neasc\u0103 debuteaz\u0103 la FIP BRONZE AGRIGENTO - Federatia de Padel din Romania<\/title>\n<meta name=\"robots\" content=\"index, follow, max-snippet:-1, max-image-preview:large, max-video-preview:-1\" \/>\n<link rel=\"canonical\" href=\"https:\/\/frpadel.ro\/index.php\/2025\/05\/09\/istorie-pentru-sportul-romanesc-prima-echipa-100-romaneasca-debuteaza-la-fip-bronze-agrigento\/\" \/>\n<meta property=\"og:locale\" content=\"ro_RO\" \/>\n<meta property=\"og:type\" content=\"article\" \/>\n<meta property=\"og:title\" content=\"Istorie pentru sportul rom\u00e2nesc! Prima echip\u0103 100% rom\u00e2neasc\u0103 debuteaz\u0103 la FIP BRONZE AGRIGENTO\" \/>\n<meta property=\"og:description\" content=\"Doi juc\u0103tori rom\u00e2ni intr\u0103 \u00een competi\u021bia din Sicilia, marc\u00e2nd o premier\u0103 pentru padelul din Rom\u00e2nia. C\u0103lin Motorga \u0219i Marius Kalamar vor reprezenta \u021bara noastr\u0103\" \/>\n<meta property=\"og:url\" content=\"https:\/\/frpadel.ro\/index.php\/2025\/05\/09\/istorie-pentru-sportul-romanesc-prima-echipa-100-romaneasca-debuteaza-la-fip-bronze-agrigento\/\" \/>\n<meta property=\"og:site_name\" content=\"Federatia de Padel din Romania\" \/>\n<meta property=\"article:published_time\" content=\"2025-05-09T07:23:03+00:00\" \/>\n<meta property=\"og:image\" content=\"https:\/\/frpadel.ro\/wp-content\/uploads\/2025\/05\/WhatsApp-Image-2025-05-09-at-09.51.24.jpeg\" \/>\n\t<meta property=\"og:image:width\" content=\"1920\" \/>\n\t<meta property=\"og:image:height\" content=\"1080\" \/>\n\t<meta property=\"og:image:type\" content=\"image\/jpeg\" \/>\n<meta name=\"author\" content=\"Federatia de Padel\" \/>\n<meta name=\"twitter:card\" content=\"summary_large_image\" \/>\n<meta name=\"twitter:label1\" content=\"Scris de\" \/>\n\t<meta name=\"twitter:data1\" content=\"Federatia de Padel\" \/>\n\t<meta name=\"twitter:label2\" content=\"Timp estimat pentru citire\" \/>\n\t<meta name=\"twitter:data2\" content=\"2 minute\" \/>\n<script type=\"application\/ld+json\" class=\"yoast-schema-graph\">{\"@context\":\"https:\/\/schema.org\",\"@graph\":[{\"@type\":\"WebPage\",\"@id\":\"https:\/\/frpadel.ro\/index.php\/2025\/05\/09\/istorie-pentru-sportul-romanesc-prima-echipa-100-romaneasca-debuteaza-la-fip-bronze-agrigento\/\",\"url\":\"https:\/\/frpadel.ro\/index.php\/2025\/05\/09\/istorie-pentru-sportul-romanesc-prima-echipa-100-romaneasca-debuteaza-la-fip-bronze-agrigento\/\",\"name\":\"Istorie pentru sportul rom\u00e2nesc! Prima echip\u0103 100% rom\u00e2neasc\u0103 debuteaz\u0103 la FIP BRONZE AGRIGENTO - Federatia de Padel din Romania\",\"isPartOf\":{\"@id\":\"https:\/\/frpadel.ro\/#website\"},\"primaryImageOfPage\":{\"@id\":\"https:\/\/frpadel.ro\/index.php\/2025\/05\/09\/istorie-pentru-sportul-romanesc-prima-echipa-100-romaneasca-debuteaza-la-fip-bronze-agrigento\/#primaryimage\"},\"image\":{\"@id\":\"https:\/\/frpadel.ro\/index.php\/2025\/05\/09\/istorie-pentru-sportul-romanesc-prima-echipa-100-romaneasca-debuteaza-la-fip-bronze-agrigento\/#primaryimage\"},\"thumbnailUrl\":\"https:\/\/frpadel.ro\/wp-content\/uploads\/2025\/05\/WhatsApp-Image-2025-05-09-at-09.51.24.jpeg\",\"datePublished\":\"2025-05-09T07:23:03+00:00\",\"author\":{\"@id\":\"https:\/\/frpadel.ro\/#\/schema\/person\/6669a0f650ec513e558cafdf68d98036\"},\"breadcrumb\":{\"@id\":\"https:\/\/frpadel.ro\/index.php\/2025\/05\/09\/istorie-pentru-sportul-romanesc-prima-echipa-100-romaneasca-debuteaza-la-fip-bronze-agrigento\/#breadcrumb\"},\"inLanguage\":\"ro-RO\",\"potentialAction\":[{\"@type\":\"ReadAction\",\"target\":[\"https:\/\/frpadel.ro\/index.php\/2025\/05\/09\/istorie-pentru-sportul-romanesc-prima-echipa-100-romaneasca-debuteaza-la-fip-bronze-agrigento\/\"]}]},{\"@type\":\"ImageObject\",\"inLanguage\":\"ro-RO\",\"@id\":\"https:\/\/frpadel.ro\/index.php\/2025\/05\/09\/istorie-pentru-sportul-romanesc-prima-echipa-100-romaneasca-debuteaza-la-fip-bronze-agrigento\/#primaryimage\",\"url\":\"https:\/\/frpadel.ro\/wp-content\/uploads\/2025\/05\/WhatsApp-Image-2025-05-09-at-09.51.24.jpeg\",\"contentUrl\":\"https:\/\/frpadel.ro\/wp-content\/uploads\/2025\/05\/WhatsApp-Image-2025-05-09-at-09.51.24.jpeg\",\"width\":1920,\"height\":1080},{\"@type\":\"BreadcrumbList\",\"@id\":\"https:\/\/frpadel.ro\/index.php\/2025\/05\/09\/istorie-pentru-sportul-romanesc-prima-echipa-100-romaneasca-debuteaza-la-fip-bronze-agrigento\/#breadcrumb\",\"itemListElement\":[{\"@type\":\"ListItem\",\"position\":1,\"name\":\"Prima pagin\u0103\",\"item\":\"https:\/\/frpadel.ro\/\"},{\"@type\":\"ListItem\",\"position\":2,\"name\":\"Istorie pentru sportul rom\u00e2nesc! Prima echip\u0103 100% rom\u00e2neasc\u0103 debuteaz\u0103 la FIP BRONZE AGRIGENTO\"}]},{\"@type\":\"WebSite\",\"@id\":\"https:\/\/frpadel.ro\/#website\",\"url\":\"https:\/\/frpadel.ro\/\",\"name\":\"Federatia de Padel din Romania\",\"description\":\"Website-ul Federa\u021biei de Padel din Rom\u00e2nia\",\"potentialAction\":[{\"@type\":\"SearchAction\",\"target\":{\"@type\":\"EntryPoint\",\"urlTemplate\":\"https:\/\/frpadel.ro\/?s={search_term_string}\"},\"query-input\":{\"@type\":\"PropertyValueSpecification\",\"valueRequired\":true,\"valueName\":\"search_term_string\"}}],\"inLanguage\":\"ro-RO\"},{\"@type\":\"Person\",\"@id\":\"https:\/\/frpadel.ro\/#\/schema\/person\/6669a0f650ec513e558cafdf68d98036\",\"name\":\"Federatia de Padel\",\"image\":{\"@type\":\"ImageObject\",\"inLanguage\":\"ro-RO\",\"@id\":\"https:\/\/frpadel.ro\/#\/schema\/person\/image\/\",\"url\":\"https:\/\/secure.gravatar.com\/avatar\/2984a1ce75944179eebd7c4148370b6fb63c0230e0a2bbc6f2d9a02192bde491?s=96&d=mm&r=g\",\"contentUrl\":\"https:\/\/secure.gravatar.com\/avatar\/2984a1ce75944179eebd7c4148370b6fb63c0230e0a2bbc6f2d9a02192bde491?s=96&d=mm&r=g\",\"caption\":\"Federatia de Padel\"},\"sameAs\":[\"https:\/\/frpadel.ro\"],\"url\":\"https:\/\/frpadel.ro\/index.php\/author\/admin_p93hpmer\/\"}]}<\/script>\n<!-- \/ Yoast SEO Premium plugin. -->","yoast_head_json":{"title":"Istorie pentru sportul rom\u00e2nesc! Prima echip\u0103 100% rom\u00e2neasc\u0103 debuteaz\u0103 la FIP BRONZE AGRIGENTO - Federatia de Padel din Romania","robots":{"index":"index","follow":"follow","max-snippet":"max-snippet:-1","max-image-preview":"max-image-preview:large","max-video-preview":"max-video-preview:-1"},"canonical":"https:\/\/frpadel.ro\/index.php\/2025\/05\/09\/istorie-pentru-sportul-romanesc-prima-echipa-100-romaneasca-debuteaza-la-fip-bronze-agrigento\/","og_locale":"ro_RO","og_type":"article","og_title":"Istorie pentru sportul rom\u00e2nesc! Prima echip\u0103 100% rom\u00e2neasc\u0103 debuteaz\u0103 la FIP BRONZE AGRIGENTO","og_description":"Doi juc\u0103tori rom\u00e2ni intr\u0103 \u00een competi\u021bia din Sicilia, marc\u00e2nd o premier\u0103 pentru padelul din Rom\u00e2nia. C\u0103lin Motorga \u0219i Marius Kalamar vor reprezenta \u021bara noastr\u0103","og_url":"https:\/\/frpadel.ro\/index.php\/2025\/05\/09\/istorie-pentru-sportul-romanesc-prima-echipa-100-romaneasca-debuteaza-la-fip-bronze-agrigento\/","og_site_name":"Federatia de Padel din Romania","article_published_time":"2025-05-09T07:23:03+00:00","og_image":[{"width":1920,"height":1080,"url":"https:\/\/frpadel.ro\/wp-content\/uploads\/2025\/05\/WhatsApp-Image-2025-05-09-at-09.51.24.jpeg","type":"image\/jpeg"}],"author":"Federatia de Padel","twitter_card":"summary_large_image","twitter_misc":{"Scris de":"Federatia de Padel","Timp estimat pentru citire":"2 minute"},"schema":{"@context":"https:\/\/schema.org","@graph":[{"@type":"WebPage","@id":"https:\/\/frpadel.ro\/index.php\/2025\/05\/09\/istorie-pentru-sportul-romanesc-prima-echipa-100-romaneasca-debuteaza-la-fip-bronze-agrigento\/","url":"https:\/\/frpadel.ro\/index.php\/2025\/05\/09\/istorie-pentru-sportul-romanesc-prima-echipa-100-romaneasca-debuteaza-la-fip-bronze-agrigento\/","name":"Istorie pentru sportul rom\u00e2nesc! Prima echip\u0103 100% rom\u00e2neasc\u0103 debuteaz\u0103 la FIP BRONZE AGRIGENTO - Federatia de Padel din Romania","isPartOf":{"@id":"https:\/\/frpadel.ro\/#website"},"primaryImageOfPage":{"@id":"https:\/\/frpadel.ro\/index.php\/2025\/05\/09\/istorie-pentru-sportul-romanesc-prima-echipa-100-romaneasca-debuteaza-la-fip-bronze-agrigento\/#primaryimage"},"image":{"@id":"https:\/\/frpadel.ro\/index.php\/2025\/05\/09\/istorie-pentru-sportul-romanesc-prima-echipa-100-romaneasca-debuteaza-la-fip-bronze-agrigento\/#primaryimage"},"thumbnailUrl":"https:\/\/frpadel.ro\/wp-content\/uploads\/2025\/05\/WhatsApp-Image-2025-05-09-at-09.51.24.jpeg","datePublished":"2025-05-09T07:23:03+00:00","author":{"@id":"https:\/\/frpadel.ro\/#\/schema\/person\/6669a0f650ec513e558cafdf68d98036"},"breadcrumb":{"@id":"https:\/\/frpadel.ro\/index.php\/2025\/05\/09\/istorie-pentru-sportul-romanesc-prima-echipa-100-romaneasca-debuteaza-la-fip-bronze-agrigento\/#breadcrumb"},"inLanguage":"ro-RO","potentialAction":[{"@type":"ReadAction","target":["https:\/\/frpadel.ro\/index.php\/2025\/05\/09\/istorie-pentru-sportul-romanesc-prima-echipa-100-romaneasca-debuteaza-la-fip-bronze-agrigento\/"]}]},{"@type":"ImageObject","inLanguage":"ro-RO","@id":"https:\/\/frpadel.ro\/index.php\/2025\/05\/09\/istorie-pentru-sportul-romanesc-prima-echipa-100-romaneasca-debuteaza-la-fip-bronze-agrigento\/#primaryimage","url":"https:\/\/frpadel.ro\/wp-content\/uploads\/2025\/05\/WhatsApp-Image-2025-05-09-at-09.51.24.jpeg","contentUrl":"https:\/\/frpadel.ro\/wp-content\/uploads\/2025\/05\/WhatsApp-Image-2025-05-09-at-09.51.24.jpeg","width":1920,"height":1080},{"@type":"BreadcrumbList","@id":"https:\/\/frpadel.ro\/index.php\/2025\/05\/09\/istorie-pentru-sportul-romanesc-prima-echipa-100-romaneasca-debuteaza-la-fip-bronze-agrigento\/#breadcrumb","itemListElement":[{"@type":"ListItem","position":1,"name":"Prima pagin\u0103","item":"https:\/\/frpadel.ro\/"},{"@type":"ListItem","position":2,"name":"Istorie pentru sportul rom\u00e2nesc! Prima echip\u0103 100% rom\u00e2neasc\u0103 debuteaz\u0103 la FIP BRONZE AGRIGENTO"}]},{"@type":"WebSite","@id":"https:\/\/frpadel.ro\/#website","url":"https:\/\/frpadel.ro\/","name":"Federatia de Padel din Romania","description":"Website-ul Federa\u021biei de Padel din Rom\u00e2nia","potentialAction":[{"@type":"SearchAction","target":{"@type":"EntryPoint","urlTemplate":"https:\/\/frpadel.ro\/?s={search_term_string}"},"query-input":{"@type":"PropertyValueSpecification","valueRequired":true,"valueName":"search_term_string"}}],"inLanguage":"ro-RO"},{"@type":"Person","@id":"https:\/\/frpadel.ro\/#\/schema\/person\/6669a0f650ec513e558cafdf68d98036","name":"Federatia de Padel","image":{"@type":"ImageObject","inLanguage":"ro-RO","@id":"https:\/\/frpadel.ro\/#\/schema\/person\/image\/","url":"https:\/\/secure.gravatar.com\/avatar\/2984a1ce75944179eebd7c4148370b6fb63c0230e0a2bbc6f2d9a02192bde491?s=96&d=mm&r=g","contentUrl":"https:\/\/secure.gravatar.com\/avatar\/2984a1ce75944179eebd7c4148370b6fb63c0230e0a2bbc6f2d9a02192bde491?s=96&d=mm&r=g","caption":"Federatia de Padel"},"sameAs":["https:\/\/frpadel.ro"],"url":"https:\/\/frpadel.ro\/index.php\/author\/admin_p93hpmer\/"}]}},"_links":{"self":[{"href":"https:\/\/frpadel.ro\/index.php\/wp-json\/wp\/v2\/posts\/2164","targetHints":{"allow":["GET"]}}],"collection":[{"href":"https:\/\/frpadel.ro\/index.php\/wp-json\/wp\/v2\/posts"}],"about":[{"href":"https:\/\/frpadel.ro\/index.php\/wp-json\/wp\/v2\/types\/post"}],"author":[{"embeddable":true,"href":"https:\/\/frpadel.ro\/index.php\/wp-json\/wp\/v2\/users\/1"}],"replies":[{"embeddable":true,"href":"https:\/\/frpadel.ro\/index.php\/wp-json\/wp\/v2\/comments?post=2164"}],"version-history":[{"count":2,"href":"https:\/\/frpadel.ro\/index.php\/wp-json\/wp\/v2\/posts\/2164\/revisions"}],"predecessor-version":[{"id":2168,"href":"https:\/\/frpadel.ro\/index.php\/wp-json\/wp\/v2\/posts\/2164\/revisions\/2168"}],"wp:featuredmedia":[{"embeddable":true,"href":"https:\/\/frpadel.ro\/index.php\/wp-json\/wp\/v2\/media\/2165"}],"wp:attachment":[{"href":"https:\/\/frpadel.ro\/index.php\/wp-json\/wp\/v2\/media?parent=2164"}],"wp:term":[{"taxonomy":"category","embeddable":true,"href":"https:\/\/frpadel.ro\/index.php\/wp-json\/wp\/v2\/categories?post=2164"},{"taxonomy":"post_tag","embeddable":true,"href":"https:\/\/frpadel.ro\/index.php\/wp-json\/wp\/v2\/tags?post=2164"}],"curies":[{"name":"wp","href":"https:\/\/api.w.org\/{rel}","templated":true}]}}