{"id":2106,"date":"2025-04-22T20:33:21","date_gmt":"2025-04-22T17:33:21","guid":{"rendered":"https:\/\/frpadel.ro\/?p=2106"},"modified":"2025-04-22T20:33:25","modified_gmt":"2025-04-22T17:33:25","slug":"premiera-sportiva-federatia-internationala-de-padel-fip-primul-turneu-oficial-in-romania","status":"publish","type":"post","link":"https:\/\/frpadel.ro\/index.php\/2025\/04\/22\/premiera-sportiva-federatia-internationala-de-padel-fip-primul-turneu-oficial-in-romania\/","title":{"rendered":"PREMIER\u0102 SPORTIV\u0102: Federa\u021bia Interna\u021bional\u0103 de Padel (FIP), primul turneu oficial \u00een Rom\u00e2nia"},"content":{"rendered":"<div class=\"wpb-content-wrapper\"><p>[vc_row][vc_column][vc_column_text css=&#8221;&#8221;]<strong>\u00a0<\/strong><strong>Meciurile Federa\u021biei Interna\u021bionale de Padel ajung pentru prima dat\u0103 \u00een Rom\u00e2nia \u0219i \u00een estul Europei, dovedind \u00eenc\u0103 o dat\u0103 importan\u021ba pe care sportul cu cea mai dinamic\u0103 dezvoltare la nivel mondial o are aici.<\/strong><\/p>\n<p>Primul club de padel din vestul Rom\u00e2niei,\u00a0<strong>Padel Center<\/strong>, puncteaz\u0103 un moment istoric \u00een dezvoltarea acestui sport: g\u0103zduie\u0219te primul turneu de padel din cadrul calendarului oficial al\u00a0<strong>Federa\u021biei Interna\u021bionale de Padel (FIP)<\/strong>\u00a0organizat \u00een Rom\u00e2nia \u0219i \u00een Balcani.<\/p>\n<p><strong>Turneul <\/strong><a href=\"https:\/\/www.padelfip.com\/events\/fip-silver-romania-2025\/\">FIP SILVER ROMANIA\u00a0<\/a>se va desf\u0103\u0219ura \u00een perioada\u00a0<strong>26 mai \u2013 1 iunie<\/strong>, pe terenurile\u00a0<strong>Padel Center<\/strong>\u00a0din\u00a0<strong>Dumbr\u0103vi\u021ba (Strada Praga nr.6)<\/strong>, reunind sportivi rom\u00e2ni \u0219i interna\u021bionali, al\u0103turi de vedete ale acestui sport, precum portughezul\u00a0<strong>Miguel Oliveira<\/strong>, un nume de referin\u021b\u0103 \u00een padel.<\/p>\n<p>Decizia\u00a0<strong>Federa\u021biei Interna\u021bionale de Padel<\/strong>\u00a0a luat \u00een calcul dinamica pe care acest sport \u201et\u00e2n\u0103r\u201d o are \u00een\u00a0<strong>Timi\u0219oara<\/strong>.\u00a0<strong>Padel Center<\/strong>, gazda competi\u021biei, a reu\u0219it s\u0103 coaguleze o comunitate puternic\u0103 de sportivi de padel, at\u00e2t profesioni\u0219ti c\u00e2t \u0219i \u00eencep\u0103tori, o comunitate aflat\u0103 \u00een permanent\u0103 expansiune.<\/p>\n<p>Deopotriv\u0103, clubul timi\u0219orean este deja un reper important pe harta padelului rom\u00e2nesc \u0219i balcanic, g\u0103zduind competi\u021bii oficiale na\u021bionale \u0219i europene. \u00cen plus, este primul club din Rom\u00e2nia cu terenuri omologate de c\u0103tre furnizorul oficial FIP.<\/p>\n<p>\u201eG\u0103zduirea unui prim turneu oficial al\u00a0<strong>Federa\u021biei Interna\u021bionale de Padel \u2013 FIP SILVER<\/strong>\u00a0\u2013 \u00een Rom\u00e2nia, \u0219i mai ales la\u00a0<strong>Timi\u0219oara<\/strong>, marcheaz\u0103 un moment istoric. Este un pas important pentru recunoa\u0219terea interna\u021bional\u0103 a padelului rom\u00e2nesc \u0219i pentru integrarea \u021b\u0103rii noastre \u00eentr-un circuit sportiv de elit\u0103. Suntem m\u00e2ndri c\u0103 acest lucru se \u00eent\u00e2mpl\u0103 la\u00a0<a href=\"https:\/\/padelcenter.ro\/en\/\">Padel Center<\/a>\u201d, a declarat\u00a0<strong>Lucian Perescu<\/strong>, reprezentantul clubului.<\/p>\n<p>A\u0219a cum se \u0219tie,\u00a0<strong>padelul<\/strong>\u00a0este sportul cu cea mai mare dinamic\u0103 la nivel mondial, cu peste\u00a0<strong>30 de milioane<\/strong>\u00a0de practican\u021bi \u00een \u00eentreaga lume.\u00a0<strong>70%<\/strong>\u00a0din totalul terenurilor de padel se afl\u0103 \u00een Europa.<\/p>\n<h3><strong>Calendar FIP SILVER ROMANIA<\/strong><\/h3>\n<p><strong>Federa\u021bia Interna\u021bional\u0103 de Padel<\/strong>\u00a0a anun\u021bat calendarul oficial al competi\u021biei. Au fost deschise \u00eenscrierile pentru turneul\u00a0<strong>FIP SILVER ROMANIA<\/strong>, sportivii put\u00e2nd accesa linkul dedicat de pe site-ul oficial \u2013\u00a0<a href=\"https:\/\/uno.padelfip.com\/home\/welcome?ReturnUrl=%2Fparticipant%2Fmanage%2F2204%3Fy%3D2025%26t%3DEntries\">AICI<\/a>.<\/p>\n<p><strong>\u00censcrierile sunt deschise p\u00e2n\u0103 la data de 14 mai (ora 17:00 CET)<\/strong>. Categoriile de joc sunt:\u00a0<strong>masculin<\/strong>\u00a0\u0219i\u00a0<strong>feminin<\/strong>.<br \/>\n<strong>Meciurile de calificare \u00eencep pe 26 mai<\/strong>, iar\u00a0<strong>cele din tabloul principal pe 30 mai<\/strong>.<br \/>\n<strong>Valoarea total\u0103 a premiilor<\/strong>\u00a0este de\u00a0<strong>20.000 \u20ac<\/strong>.<\/p>\n<p>&nbsp;<\/p>\n<p><strong><u>Ce \u00eenseamn\u0103 un turneu Silver?<\/u><\/strong><\/p>\n<p>Un\u00a0<strong>turneu Silver<\/strong>\u00a0din cadrul\u00a0<strong>Federa\u021biei Interna\u021bionale de Padel (FIP)<\/strong>\u00a0face parte din seria de turnee ale circuitului oficial interna\u021bional care se desf\u0103\u0219oar\u0103 sub brandul\u00a0<strong>FIP Tour<\/strong>.<\/p>\n<p>Aceste turnee sunt organizate \u00een mai multe categorii (Star, Rise, Promotion, Gold, Platinum, Silver etc.), fiecare av\u00e2nd un anumit nivel de puncte \u0219i premii oferite sportivilor.<\/p>\n<p>Un turneu\u00a0<strong>FIP Silver<\/strong>\u00a0este considerat un turneu de\u00a0<strong>nivel mediu<\/strong>, situat \u00eentre categoriile inferioare (ex: Rise, Promotion) \u0219i cele superioare (ex: Gold, Platinum). Este conceput pentru a le oferi juc\u0103torilor care nu sunt \u00eenc\u0103 \u00een topul mondial o platform\u0103 competitiv\u0103 prin care s\u0103 acumuleze puncte \u00een clasamentul oficial FIP \u0219i s\u0103 progreseze c\u0103tre turneele de elit\u0103.<\/p>\n<p>Astfel, la turneul\u00a0<strong>FIP SILVER ROMANIA<\/strong>, organizat la\u00a0<strong>Padel Center<\/strong>, vor fi prezen\u021bi arbitri oficiali FIP, care vor superviza desf\u0103\u0219urarea competi\u021biei \u0219i vor \u021bine eviden\u021ba punctajului oficial.<\/p>\n<p>Pe parcursul turneului, sportivii vor acumula puncte \u00een clasamentul interna\u021bional \u0219i vor concura pentru premii \u00een bani.<\/p>\n<p>Turneul este organizat cu sprijinul sponsorilor: <a href=\"https:\/\/constructim.ro\/\">Constructim S.A.<\/a>, <a href=\"https:\/\/www.mewi.ro\/\">MEWI<\/a> \u0219i\u00a0<a href=\"https:\/\/padelstore.ro\/\">Padel\u00a0Maniacs<\/a>.[\/vc_column_text][\/vc_column][\/vc_row]<\/p>\n<\/div>","protected":false},"excerpt":{"rendered":"<p>Meciurile Federa\u021biei Interna\u021bionale de Padel ajung pentru prima dat\u0103 \u00een Rom\u00e2nia \u0219i \u00een estul Europei, dovedind \u00eenc\u0103 o dat\u0103 importan\u021ba pe care sportul cu cea mai dinamic\u0103 dezvoltare la nivel mondial o are aici.<\/p>\n<p>Primul club de padel din vestul Rom\u00e2niei, Padel Center, puncteaz\u0103 un moment istoric \u00een dezvoltarea acestui sport: g\u0103zduie\u0219te primul turneu de padel din cadrul calendarului oficial al Federa\u021biei Interna\u021bionale de Padel (FIP) organizat \u00een Rom\u00e2nia \u0219i \u00een Balcani.<\/p>\n","protected":false},"author":1,"featured_media":2107,"comment_status":"open","ping_status":"open","sticky":false,"template":"","format":"standard","meta":{"_acf_changed":false,"footnotes":""},"categories":[88],"tags":[107,103],"class_list":["post-2106","post","type-post","status-publish","format-standard","has-post-thumbnail","hentry","category-competitii","tag-cupra-silver","tag-fip"],"acf":[],"yoast_head":"<!-- This site is optimized with the Yoast SEO Premium plugin v26.0 (Yoast SEO v26.0) - https:\/\/yoast.com\/wordpress\/plugins\/seo\/ -->\n<title>PREMIER\u0102 SPORTIV\u0102: Federa\u021bia Interna\u021bional\u0103 de Padel (FIP), primul turneu oficial \u00een Rom\u00e2nia - Federatia de Padel din Romania<\/title>\n<meta name=\"robots\" content=\"index, follow, max-snippet:-1, max-image-preview:large, max-video-preview:-1\" \/>\n<link rel=\"canonical\" href=\"https:\/\/frpadel.ro\/index.php\/2025\/04\/22\/premiera-sportiva-federatia-internationala-de-padel-fip-primul-turneu-oficial-in-romania\/\" \/>\n<meta property=\"og:locale\" content=\"ro_RO\" \/>\n<meta property=\"og:type\" content=\"article\" \/>\n<meta property=\"og:title\" content=\"PREMIER\u0102 SPORTIV\u0102: Federa\u021bia Interna\u021bional\u0103 de Padel (FIP), primul turneu oficial \u00een Rom\u00e2nia\" \/>\n<meta property=\"og:description\" content=\"Meciurile Federa\u021biei Interna\u021bionale de Padel ajung pentru prima dat\u0103 \u00een Rom\u00e2nia \u0219i \u00een estul Europei, dovedind \u00eenc\u0103 o dat\u0103 importan\u021ba pe care sportul cu cea mai dinamic\u0103 dezvoltare la nivel mondial o are aici. Primul club de padel din vestul Rom\u00e2niei, Padel Center, puncteaz\u0103 un moment istoric \u00een dezvoltarea acestui sport: g\u0103zduie\u0219te primul turneu de padel din cadrul calendarului oficial al Federa\u021biei Interna\u021bionale de Padel (FIP) organizat \u00een Rom\u00e2nia \u0219i \u00een Balcani.\" \/>\n<meta property=\"og:url\" content=\"https:\/\/frpadel.ro\/index.php\/2025\/04\/22\/premiera-sportiva-federatia-internationala-de-padel-fip-primul-turneu-oficial-in-romania\/\" \/>\n<meta property=\"og:site_name\" content=\"Federatia de Padel din Romania\" \/>\n<meta property=\"article:published_time\" content=\"2025-04-22T17:33:21+00:00\" \/>\n<meta property=\"article:modified_time\" content=\"2025-04-22T17:33:25+00:00\" \/>\n<meta property=\"og:image\" content=\"https:\/\/frpadel.ro\/wp-content\/uploads\/2025\/04\/fip-silver-romania-2025-final-Poster-website-1920x1080-1.png\" \/>\n\t<meta property=\"og:image:width\" content=\"1920\" \/>\n\t<meta property=\"og:image:height\" content=\"1080\" \/>\n\t<meta property=\"og:image:type\" content=\"image\/png\" \/>\n<meta name=\"author\" content=\"Federatia de Padel\" \/>\n<meta name=\"twitter:card\" content=\"summary_large_image\" \/>\n<meta name=\"twitter:label1\" content=\"Scris de\" \/>\n\t<meta name=\"twitter:data1\" content=\"Federatia de Padel\" \/>\n\t<meta name=\"twitter:label2\" content=\"Timp estimat pentru citire\" \/>\n\t<meta name=\"twitter:data2\" content=\"3 minute\" \/>\n<script type=\"application\/ld+json\" class=\"yoast-schema-graph\">{\"@context\":\"https:\/\/schema.org\",\"@graph\":[{\"@type\":\"WebPage\",\"@id\":\"https:\/\/frpadel.ro\/index.php\/2025\/04\/22\/premiera-sportiva-federatia-internationala-de-padel-fip-primul-turneu-oficial-in-romania\/\",\"url\":\"https:\/\/frpadel.ro\/index.php\/2025\/04\/22\/premiera-sportiva-federatia-internationala-de-padel-fip-primul-turneu-oficial-in-romania\/\",\"name\":\"PREMIER\u0102 SPORTIV\u0102: Federa\u021bia Interna\u021bional\u0103 de Padel (FIP), primul turneu oficial \u00een Rom\u00e2nia - Federatia de Padel din Romania\",\"isPartOf\":{\"@id\":\"https:\/\/frpadel.ro\/#website\"},\"primaryImageOfPage\":{\"@id\":\"https:\/\/frpadel.ro\/index.php\/2025\/04\/22\/premiera-sportiva-federatia-internationala-de-padel-fip-primul-turneu-oficial-in-romania\/#primaryimage\"},\"image\":{\"@id\":\"https:\/\/frpadel.ro\/index.php\/2025\/04\/22\/premiera-sportiva-federatia-internationala-de-padel-fip-primul-turneu-oficial-in-romania\/#primaryimage\"},\"thumbnailUrl\":\"https:\/\/frpadel.ro\/wp-content\/uploads\/2025\/04\/fip-silver-romania-2025-final-Poster-website-1920x1080-1.png\",\"datePublished\":\"2025-04-22T17:33:21+00:00\",\"dateModified\":\"2025-04-22T17:33:25+00:00\",\"author\":{\"@id\":\"https:\/\/frpadel.ro\/#\/schema\/person\/6669a0f650ec513e558cafdf68d98036\"},\"breadcrumb\":{\"@id\":\"https:\/\/frpadel.ro\/index.php\/2025\/04\/22\/premiera-sportiva-federatia-internationala-de-padel-fip-primul-turneu-oficial-in-romania\/#breadcrumb\"},\"inLanguage\":\"ro-RO\",\"potentialAction\":[{\"@type\":\"ReadAction\",\"target\":[\"https:\/\/frpadel.ro\/index.php\/2025\/04\/22\/premiera-sportiva-federatia-internationala-de-padel-fip-primul-turneu-oficial-in-romania\/\"]}]},{\"@type\":\"ImageObject\",\"inLanguage\":\"ro-RO\",\"@id\":\"https:\/\/frpadel.ro\/index.php\/2025\/04\/22\/premiera-sportiva-federatia-internationala-de-padel-fip-primul-turneu-oficial-in-romania\/#primaryimage\",\"url\":\"https:\/\/frpadel.ro\/wp-content\/uploads\/2025\/04\/fip-silver-romania-2025-final-Poster-website-1920x1080-1.png\",\"contentUrl\":\"https:\/\/frpadel.ro\/wp-content\/uploads\/2025\/04\/fip-silver-romania-2025-final-Poster-website-1920x1080-1.png\",\"width\":1920,\"height\":1080},{\"@type\":\"BreadcrumbList\",\"@id\":\"https:\/\/frpadel.ro\/index.php\/2025\/04\/22\/premiera-sportiva-federatia-internationala-de-padel-fip-primul-turneu-oficial-in-romania\/#breadcrumb\",\"itemListElement\":[{\"@type\":\"ListItem\",\"position\":1,\"name\":\"Prima pagin\u0103\",\"item\":\"https:\/\/frpadel.ro\/\"},{\"@type\":\"ListItem\",\"position\":2,\"name\":\"PREMIER\u0102 SPORTIV\u0102: Federa\u021bia Interna\u021bional\u0103 de Padel (FIP), primul turneu oficial \u00een Rom\u00e2nia\"}]},{\"@type\":\"WebSite\",\"@id\":\"https:\/\/frpadel.ro\/#website\",\"url\":\"https:\/\/frpadel.ro\/\",\"name\":\"Federatia de Padel din Romania\",\"description\":\"Website-ul Federa\u021biei de Padel din Rom\u00e2nia\",\"potentialAction\":[{\"@type\":\"SearchAction\",\"target\":{\"@type\":\"EntryPoint\",\"urlTemplate\":\"https:\/\/frpadel.ro\/?s={search_term_string}\"},\"query-input\":{\"@type\":\"PropertyValueSpecification\",\"valueRequired\":true,\"valueName\":\"search_term_string\"}}],\"inLanguage\":\"ro-RO\"},{\"@type\":\"Person\",\"@id\":\"https:\/\/frpadel.ro\/#\/schema\/person\/6669a0f650ec513e558cafdf68d98036\",\"name\":\"Federatia de Padel\",\"image\":{\"@type\":\"ImageObject\",\"inLanguage\":\"ro-RO\",\"@id\":\"https:\/\/frpadel.ro\/#\/schema\/person\/image\/\",\"url\":\"https:\/\/secure.gravatar.com\/avatar\/2984a1ce75944179eebd7c4148370b6fb63c0230e0a2bbc6f2d9a02192bde491?s=96&d=mm&r=g\",\"contentUrl\":\"https:\/\/secure.gravatar.com\/avatar\/2984a1ce75944179eebd7c4148370b6fb63c0230e0a2bbc6f2d9a02192bde491?s=96&d=mm&r=g\",\"caption\":\"Federatia de Padel\"},\"sameAs\":[\"https:\/\/frpadel.ro\"],\"url\":\"https:\/\/frpadel.ro\/index.php\/author\/admin_p93hpmer\/\"}]}<\/script>\n<!-- \/ Yoast SEO Premium plugin. -->","yoast_head_json":{"title":"PREMIER\u0102 SPORTIV\u0102: Federa\u021bia Interna\u021bional\u0103 de Padel (FIP), primul turneu oficial \u00een Rom\u00e2nia - Federatia de Padel din Romania","robots":{"index":"index","follow":"follow","max-snippet":"max-snippet:-1","max-image-preview":"max-image-preview:large","max-video-preview":"max-video-preview:-1"},"canonical":"https:\/\/frpadel.ro\/index.php\/2025\/04\/22\/premiera-sportiva-federatia-internationala-de-padel-fip-primul-turneu-oficial-in-romania\/","og_locale":"ro_RO","og_type":"article","og_title":"PREMIER\u0102 SPORTIV\u0102: Federa\u021bia Interna\u021bional\u0103 de Padel (FIP), primul turneu oficial \u00een Rom\u00e2nia","og_description":"Meciurile Federa\u021biei Interna\u021bionale de Padel ajung pentru prima dat\u0103 \u00een Rom\u00e2nia \u0219i \u00een estul Europei, dovedind \u00eenc\u0103 o dat\u0103 importan\u021ba pe care sportul cu cea mai dinamic\u0103 dezvoltare la nivel mondial o are aici. Primul club de padel din vestul Rom\u00e2niei, Padel Center, puncteaz\u0103 un moment istoric \u00een dezvoltarea acestui sport: g\u0103zduie\u0219te primul turneu de padel din cadrul calendarului oficial al Federa\u021biei Interna\u021bionale de Padel (FIP) organizat \u00een Rom\u00e2nia \u0219i \u00een Balcani.","og_url":"https:\/\/frpadel.ro\/index.php\/2025\/04\/22\/premiera-sportiva-federatia-internationala-de-padel-fip-primul-turneu-oficial-in-romania\/","og_site_name":"Federatia de Padel din Romania","article_published_time":"2025-04-22T17:33:21+00:00","article_modified_time":"2025-04-22T17:33:25+00:00","og_image":[{"width":1920,"height":1080,"url":"https:\/\/frpadel.ro\/wp-content\/uploads\/2025\/04\/fip-silver-romania-2025-final-Poster-website-1920x1080-1.png","type":"image\/png"}],"author":"Federatia de Padel","twitter_card":"summary_large_image","twitter_misc":{"Scris de":"Federatia de Padel","Timp estimat pentru citire":"3 minute"},"schema":{"@context":"https:\/\/schema.org","@graph":[{"@type":"WebPage","@id":"https:\/\/frpadel.ro\/index.php\/2025\/04\/22\/premiera-sportiva-federatia-internationala-de-padel-fip-primul-turneu-oficial-in-romania\/","url":"https:\/\/frpadel.ro\/index.php\/2025\/04\/22\/premiera-sportiva-federatia-internationala-de-padel-fip-primul-turneu-oficial-in-romania\/","name":"PREMIER\u0102 SPORTIV\u0102: Federa\u021bia Interna\u021bional\u0103 de Padel (FIP), primul turneu oficial \u00een Rom\u00e2nia - Federatia de Padel din Romania","isPartOf":{"@id":"https:\/\/frpadel.ro\/#website"},"primaryImageOfPage":{"@id":"https:\/\/frpadel.ro\/index.php\/2025\/04\/22\/premiera-sportiva-federatia-internationala-de-padel-fip-primul-turneu-oficial-in-romania\/#primaryimage"},"image":{"@id":"https:\/\/frpadel.ro\/index.php\/2025\/04\/22\/premiera-sportiva-federatia-internationala-de-padel-fip-primul-turneu-oficial-in-romania\/#primaryimage"},"thumbnailUrl":"https:\/\/frpadel.ro\/wp-content\/uploads\/2025\/04\/fip-silver-romania-2025-final-Poster-website-1920x1080-1.png","datePublished":"2025-04-22T17:33:21+00:00","dateModified":"2025-04-22T17:33:25+00:00","author":{"@id":"https:\/\/frpadel.ro\/#\/schema\/person\/6669a0f650ec513e558cafdf68d98036"},"breadcrumb":{"@id":"https:\/\/frpadel.ro\/index.php\/2025\/04\/22\/premiera-sportiva-federatia-internationala-de-padel-fip-primul-turneu-oficial-in-romania\/#breadcrumb"},"inLanguage":"ro-RO","potentialAction":[{"@type":"ReadAction","target":["https:\/\/frpadel.ro\/index.php\/2025\/04\/22\/premiera-sportiva-federatia-internationala-de-padel-fip-primul-turneu-oficial-in-romania\/"]}]},{"@type":"ImageObject","inLanguage":"ro-RO","@id":"https:\/\/frpadel.ro\/index.php\/2025\/04\/22\/premiera-sportiva-federatia-internationala-de-padel-fip-primul-turneu-oficial-in-romania\/#primaryimage","url":"https:\/\/frpadel.ro\/wp-content\/uploads\/2025\/04\/fip-silver-romania-2025-final-Poster-website-1920x1080-1.png","contentUrl":"https:\/\/frpadel.ro\/wp-content\/uploads\/2025\/04\/fip-silver-romania-2025-final-Poster-website-1920x1080-1.png","width":1920,"height":1080},{"@type":"BreadcrumbList","@id":"https:\/\/frpadel.ro\/index.php\/2025\/04\/22\/premiera-sportiva-federatia-internationala-de-padel-fip-primul-turneu-oficial-in-romania\/#breadcrumb","itemListElement":[{"@type":"ListItem","position":1,"name":"Prima pagin\u0103","item":"https:\/\/frpadel.ro\/"},{"@type":"ListItem","position":2,"name":"PREMIER\u0102 SPORTIV\u0102: Federa\u021bia Interna\u021bional\u0103 de Padel (FIP), primul turneu oficial \u00een Rom\u00e2nia"}]},{"@type":"WebSite","@id":"https:\/\/frpadel.ro\/#website","url":"https:\/\/frpadel.ro\/","name":"Federatia de Padel din Romania","description":"Website-ul Federa\u021biei de Padel din Rom\u00e2nia","potentialAction":[{"@type":"SearchAction","target":{"@type":"EntryPoint","urlTemplate":"https:\/\/frpadel.ro\/?s={search_term_string}"},"query-input":{"@type":"PropertyValueSpecification","valueRequired":true,"valueName":"search_term_string"}}],"inLanguage":"ro-RO"},{"@type":"Person","@id":"https:\/\/frpadel.ro\/#\/schema\/person\/6669a0f650ec513e558cafdf68d98036","name":"Federatia de Padel","image":{"@type":"ImageObject","inLanguage":"ro-RO","@id":"https:\/\/frpadel.ro\/#\/schema\/person\/image\/","url":"https:\/\/secure.gravatar.com\/avatar\/2984a1ce75944179eebd7c4148370b6fb63c0230e0a2bbc6f2d9a02192bde491?s=96&d=mm&r=g","contentUrl":"https:\/\/secure.gravatar.com\/avatar\/2984a1ce75944179eebd7c4148370b6fb63c0230e0a2bbc6f2d9a02192bde491?s=96&d=mm&r=g","caption":"Federatia de Padel"},"sameAs":["https:\/\/frpadel.ro"],"url":"https:\/\/frpadel.ro\/index.php\/author\/admin_p93hpmer\/"}]}},"_links":{"self":[{"href":"https:\/\/frpadel.ro\/index.php\/wp-json\/wp\/v2\/posts\/2106","targetHints":{"allow":["GET"]}}],"collection":[{"href":"https:\/\/frpadel.ro\/index.php\/wp-json\/wp\/v2\/posts"}],"about":[{"href":"https:\/\/frpadel.ro\/index.php\/wp-json\/wp\/v2\/types\/post"}],"author":[{"embeddable":true,"href":"https:\/\/frpadel.ro\/index.php\/wp-json\/wp\/v2\/users\/1"}],"replies":[{"embeddable":true,"href":"https:\/\/frpadel.ro\/index.php\/wp-json\/wp\/v2\/comments?post=2106"}],"version-history":[{"count":2,"href":"https:\/\/frpadel.ro\/index.php\/wp-json\/wp\/v2\/posts\/2106\/revisions"}],"predecessor-version":[{"id":2109,"href":"https:\/\/frpadel.ro\/index.php\/wp-json\/wp\/v2\/posts\/2106\/revisions\/2109"}],"wp:featuredmedia":[{"embeddable":true,"href":"https:\/\/frpadel.ro\/index.php\/wp-json\/wp\/v2\/media\/2107"}],"wp:attachment":[{"href":"https:\/\/frpadel.ro\/index.php\/wp-json\/wp\/v2\/media?parent=2106"}],"wp:term":[{"taxonomy":"category","embeddable":true,"href":"https:\/\/frpadel.ro\/index.php\/wp-json\/wp\/v2\/categories?post=2106"},{"taxonomy":"post_tag","embeddable":true,"href":"https:\/\/frpadel.ro\/index.php\/wp-json\/wp\/v2\/tags?post=2106"}],"curies":[{"name":"wp","href":"https:\/\/api.w.org\/{rel}","templated":true}]}}